{"id":8764,"date":"2024-09-06T17:45:32","date_gmt":"2024-09-06T22:45:32","guid":{"rendered":"https:\/\/lifefm.ec\/?p=8764"},"modified":"2024-09-06T17:45:32","modified_gmt":"2024-09-06T22:45:32","slug":"quien-es-gennaro-sangiuliano-el-ministro-de-la-cultura-de-italia-que-renuncio-por-un-escandalo-sexual","status":"publish","type":"post","link":"https:\/\/lifefm.ec\/index.php\/2024\/09\/06\/quien-es-gennaro-sangiuliano-el-ministro-de-la-cultura-de-italia-que-renuncio-por-un-escandalo-sexual\/","title":{"rendered":"\u00bfQUI\u00c9N ES GENNARO SANGIULIANO ,EL MINISTRO DE LA CULTURA DE ITALIA QUE RENUNCI\u00d3 POR UN ESC\u00c1NDALO SEXUAL?"},"content":{"rendered":"<blockquote><p>El ministro de Cultura, Gennaro Sangiuliano, en una foto de archivo, cuando atendi\u00f3 a la prensa en Roma.<\/p><\/blockquote>\n<p>Son malos tiempos para el gobierno de la primera ministra de Italia, Giorgia Meloni,\u00a0cuya administraci\u00f3n se ve sacudida por un esc\u00e1ndalo de \u00edndole sexual entre su ministro de Cultura, Gennaro Sangiuliano, y una influencer.<\/p>\n<p>&nbsp;<\/p>\n<p>\u00abTras reflexionar mucho, a lo largo de d\u00edas dolorosos (&#8230;) decid\u00ed renunciar de manera irrevocable de mi puesto de ministro de Cultura\u00bb, escribi\u00f3 Sangiuliano a Giorgia Meloni en una carta publicada por su ministerio.<\/p>\n<p>&nbsp;<\/p>\n<p>\u00bfQui\u00e9n es Sangiuliano? Tiene 62 a\u00f1os y es el primer ministro del gobierno Meloni que renuncia y a solo dos semanas de una reuni\u00f3n, del 19 al 21 de septiembre, de los ministros de Cultura de los pa\u00edses del G7 que Italia preside este a\u00f1o.<\/p>\n<p>&nbsp;<\/p>\n<p>Tambi\u00e9n anunci\u00f3 que acudir\u00e1 a la fiscal\u00eda para defender \u00abmi honor\u00bb y \u00abdemostrar mi transparencia absoluta y que actu\u00e9 de manera correcta\u00bb, sin precisar a quien demandar\u00e1.<\/p>\n<p>&nbsp;<\/p>\n<p>Padre del autor de tiroteo en Estados Unidos podr\u00eda recibir hasta 180 a\u00f1os de c\u00e1rcel<\/p>\n<p>\u00abAgradezco sinceramente a Gennaro Sangiuliano (&#8230;) por el extraordinario trabajo cumplido hasta ahora que facilit\u00f3 al gobierno italiano obtener importantes resultados de recuperaci\u00f3n y valorizaci\u00f3n del gran patrimonio cultural italiano\u00bb, dijo Meloni en un comunicado.<\/p>\n<p>&nbsp;<\/p>\n<p>El pasado mi\u00e9rcoles, el ministro italiano hab\u00eda ofrecido su renuncia a Meloni, que no la acept\u00f3 en su momento.<\/p>\n<p>&nbsp;<\/p>\n<p>En una larga entrevista el mi\u00e9rcoles por la noche en la primera cadena de la RAI, la televisi\u00f3n p\u00fablica, el ministro hizo confesiones p\u00fablicas sobre Maria Rosaria Boccia, de 41 a\u00f1os, que en los \u00faltimos d\u00edas inund\u00f3 las redes sociales con im\u00e1genes sobre su relaci\u00f3n.<\/p>\n<p>&nbsp;<\/p>\n<p>\u00abSe volvi\u00f3 una relaci\u00f3n sentimental\u00bb en mayo pasado, reconoci\u00f3, y dijo que la termin\u00f3 \u00aba fines de julio, inicios de agosto\u00bb.<\/p>\n<p>&nbsp;<\/p>\n<p>Influencer grab\u00f3 la relaci\u00f3n amorosa<\/p>\n<p>Boccia public\u00f3 en las redes sociales a fines de agosto su supuesto nombramiento como consejera del ministro de Cultura para grandes eventos, lo que el ministro desminti\u00f3.<\/p>\n<p>&nbsp;<\/p>\n<p>La mujer replic\u00f3 publicando fotos de ella en compa\u00f1\u00eda del ministro en muchos actos p\u00fablicos, correos electr\u00f3nicos, tarjetas de embarque, etc, reproducidas por la prensa italiana.<\/p>\n<p>&nbsp;<\/p>\n<p>As\u00ed era el yate de lujo en el que murieron varios multimillonarios en Sicilia<\/p>\n<p>En la entrevista el ministro, un hombre casado, dijo con documentos en la mano, que pag\u00f3 personalmente todos los gastos relacionados con los diversos viajes de Boccia en su compa\u00f1\u00eda, y que ni un solo euro p\u00fablico fue gastado.<\/p>\n<p>Su sucesor es Alessandro Giuli, presidente de la Fundacion MAXXI, el Museo nacional de las artes del siglo XXI, concebido por el famoso arquitecto Zaha Hadid.<\/p>\n<p>F: PRIMICIAS<\/p>\n<p>#RadioLife #LifeFM #LifeNoticias #LifeEntretenimiento #995<\/p>\n","protected":false},"excerpt":{"rendered":"<p>El ministro de Cultura, Gennaro Sangiuliano, en una foto de archivo, cuando atendi\u00f3 a la prensa en Roma. Son malos tiempos para el gobierno de la primera ministra de Italia, Giorgia Meloni,\u00a0cuya administraci\u00f3n se ve sacudida por un esc\u00e1ndalo de \u00edndole sexual entre su ministro de Cultura, Gennaro Sangiuliano, y una influencer. &nbsp; \u00abTras reflexionar [&hellip;]<\/p>\n","protected":false},"author":1,"featured_media":8765,"comment_status":"open","ping_status":"closed","sticky":false,"template":"","format":"standard","meta":{"footnotes":""},"categories":[23,28],"tags":[],"class_list":["post-8764","post","type-post","status-publish","format-standard","has-post-thumbnail","hentry","category-el-mundo","category-noticias"],"_links":{"self":[{"href":"https:\/\/lifefm.ec\/index.php\/wp-json\/wp\/v2\/posts\/8764","targetHints":{"allow":["GET"]}}],"collection":[{"href":"https:\/\/lifefm.ec\/index.php\/wp-json\/wp\/v2\/posts"}],"about":[{"href":"https:\/\/lifefm.ec\/index.php\/wp-json\/wp\/v2\/types\/post"}],"author":[{"embeddable":true,"href":"https:\/\/lifefm.ec\/index.php\/wp-json\/wp\/v2\/users\/1"}],"replies":[{"embeddable":true,"href":"https:\/\/lifefm.ec\/index.php\/wp-json\/wp\/v2\/comments?post=8764"}],"version-history":[{"count":1,"href":"https:\/\/lifefm.ec\/index.php\/wp-json\/wp\/v2\/posts\/8764\/revisions"}],"predecessor-version":[{"id":8766,"href":"https:\/\/lifefm.ec\/index.php\/wp-json\/wp\/v2\/posts\/8764\/revisions\/8766"}],"wp:featuredmedia":[{"embeddable":true,"href":"https:\/\/lifefm.ec\/index.php\/wp-json\/wp\/v2\/media\/8765"}],"wp:attachment":[{"href":"https:\/\/lifefm.ec\/index.php\/wp-json\/wp\/v2\/media?parent=8764"}],"wp:term":[{"taxonomy":"category","embeddable":true,"href":"https:\/\/lifefm.ec\/index.php\/wp-json\/wp\/v2\/categories?post=8764"},{"taxonomy":"post_tag","embeddable":true,"href":"https:\/\/lifefm.ec\/index.php\/wp-json\/wp\/v2\/tags?post=8764"}],"curies":[{"name":"wp","href":"https:\/\/api.w.org\/{rel}","templated":true}]}}