{"id":8753,"date":"2024-09-06T17:30:58","date_gmt":"2024-09-06T22:30:58","guid":{"rendered":"https:\/\/lifefm.ec\/?p=8753"},"modified":"2024-09-06T17:30:58","modified_gmt":"2024-09-06T22:30:58","slug":"marino-de-estados-unidos-entro-a-venezuelasin-ningun-tipo-de-documentos-asegura-fiscal-en-caracas","status":"publish","type":"post","link":"https:\/\/lifefm.ec\/index.php\/2024\/09\/06\/marino-de-estados-unidos-entro-a-venezuelasin-ningun-tipo-de-documentos-asegura-fiscal-en-caracas\/","title":{"rendered":"MARINO DE ESTADOS UNIDOS ENTR\u00d3 A VENEZUELA\u00bbSIN NING\u00daN TIPO DE DOCUMENTOS \u00ab, ASEGURA FISCAL EN CARACAS"},"content":{"rendered":"<blockquote><p>El fiscal venezolano Tarek William Saab cuando se refiri\u00f3 al marino estadounidense que ingres\u00f3 a Venezuela<\/p><\/blockquote>\n<p>Dos d\u00edas despu\u00e9s de trascender la detenci\u00f3n de un militar estadounidense en Venezuela, el fiscal de ese pa\u00eds confirm\u00f3 que el marino ingres\u00f3 a Caracas sin \u00abning\u00fan tipo de documentaci\u00f3n\u00bb, y por ello, est\u00e1 siendo investigado.<\/p>\n<p>&nbsp;<\/p>\n<p>El fiscal venezolano Tarek William Saab se\u00f1al\u00f3 que el marino, cuya \u00abprincipal nacionalidad\u00bb es \u00abla mexicana\u00bb, entr\u00f3 a la naci\u00f3n suramericana \u00absin ning\u00fan tipo de sustento\u00bb sobre el motivo de su viaje.<\/p>\n<p>&nbsp;<\/p>\n<p>De all\u00ed, que las autoridades venezolanos abrieron una \u00abinvestigaci\u00f3n objetiva, independiente e imparcial\u00bb , afirmaron.<\/p>\n<p>&nbsp;<\/p>\n<p>\u00abEstamos siempre atentos, vigilantes, para que haya un debido proceso, para que haya un juicio justo. (&#8230;) Es lo que puedo revelar, no puedo decir m\u00e1s nada\u00bb, expres\u00f3 a periodistas el titular del Ministerio P\u00fablico (MP, Fiscal\u00eda), quien no respondi\u00f3 a una pregunta sobre el sitio de reclusi\u00f3n del soldado estadounidense.<\/p>\n<p>&nbsp;<\/p>\n<p>El pasado mi\u00e9rcoles, fuentes del Pent\u00e1gono dijeron que la Armada estadounidense est\u00e1 investigando la detenci\u00f3n, la cual se concret\u00f3 \u00abaproximadamente el 30 de agosto de 2024 por las autoridades policiales venezolanas cuando (el marine) realizaba un viaje personal a Venezuela\u00bb.<\/p>\n<p>&nbsp;<\/p>\n<p>L\u00edderes iberoamericanos piden a la Corte Penal Internacional la detenci\u00f3n de Nicol\u00e1s Maduro<\/p>\n<p>Adem\u00e1s, la Armada de Estados Unidos est\u00e1 \u00abtrabajando en estrecha colaboraci\u00f3n con el Departamento de Estado\u00bb.<\/p>\n<p>&nbsp;<\/p>\n<p>Las tensiones entre Estados Unidos y Venezuela, sin relaciones diplom\u00e1ticas desde 2019, han aumentado en los \u00faltimos d\u00edas a ra\u00edz de la orden de detenci\u00f3n contra el abanderado del antichavismo mayoritario, Edmundo Gonz\u00e1lez Urrutia.<\/p>\n<p>Washington advirti\u00f3 que est\u00e1 considerando qu\u00e9 m\u00e1s acciones tomar contra el Gobierno de Nicol\u00e1s Maduro para demostrarle que todas sus decisiones pol\u00edticas tienen consecuencias.<\/p>\n<p>&nbsp;<\/p>\n<p>La \u00faltima gran acci\u00f3n contra el Ejecutivo venezolano fue el decomiso, el lunes, del avi\u00f3n oficial de Maduro, que fue tomado en Rep\u00fablica Dominicana por orden de las autoridades estadounidenses en el marco de las sanciones aplicadas a Caracas.<\/p>\n<p>&nbsp;<\/p>\n<p>F: PRIMICIAS<\/p>\n<p>#RadioLife #LifeFM #LifeNoticias #LifeEntretenimiento #995<\/p>\n","protected":false},"excerpt":{"rendered":"<p>El fiscal venezolano Tarek William Saab cuando se refiri\u00f3 al marino estadounidense que ingres\u00f3 a Venezuela Dos d\u00edas despu\u00e9s de trascender la detenci\u00f3n de un militar estadounidense en Venezuela, el fiscal de ese pa\u00eds confirm\u00f3 que el marino ingres\u00f3 a Caracas sin \u00abning\u00fan tipo de documentaci\u00f3n\u00bb, y por ello, est\u00e1 siendo investigado. &nbsp; El fiscal [&hellip;]<\/p>\n","protected":false},"author":1,"featured_media":8755,"comment_status":"open","ping_status":"closed","sticky":false,"template":"","format":"standard","meta":{"footnotes":""},"categories":[23,28],"tags":[],"class_list":["post-8753","post","type-post","status-publish","format-standard","has-post-thumbnail","hentry","category-el-mundo","category-noticias"],"_links":{"self":[{"href":"https:\/\/lifefm.ec\/index.php\/wp-json\/wp\/v2\/posts\/8753","targetHints":{"allow":["GET"]}}],"collection":[{"href":"https:\/\/lifefm.ec\/index.php\/wp-json\/wp\/v2\/posts"}],"about":[{"href":"https:\/\/lifefm.ec\/index.php\/wp-json\/wp\/v2\/types\/post"}],"author":[{"embeddable":true,"href":"https:\/\/lifefm.ec\/index.php\/wp-json\/wp\/v2\/users\/1"}],"replies":[{"embeddable":true,"href":"https:\/\/lifefm.ec\/index.php\/wp-json\/wp\/v2\/comments?post=8753"}],"version-history":[{"count":1,"href":"https:\/\/lifefm.ec\/index.php\/wp-json\/wp\/v2\/posts\/8753\/revisions"}],"predecessor-version":[{"id":8758,"href":"https:\/\/lifefm.ec\/index.php\/wp-json\/wp\/v2\/posts\/8753\/revisions\/8758"}],"wp:featuredmedia":[{"embeddable":true,"href":"https:\/\/lifefm.ec\/index.php\/wp-json\/wp\/v2\/media\/8755"}],"wp:attachment":[{"href":"https:\/\/lifefm.ec\/index.php\/wp-json\/wp\/v2\/media?parent=8753"}],"wp:term":[{"taxonomy":"category","embeddable":true,"href":"https:\/\/lifefm.ec\/index.php\/wp-json\/wp\/v2\/categories?post=8753"},{"taxonomy":"post_tag","embeddable":true,"href":"https:\/\/lifefm.ec\/index.php\/wp-json\/wp\/v2\/tags?post=8753"}],"curies":[{"name":"wp","href":"https:\/\/api.w.org\/{rel}","templated":true}]}}