{"id":8746,"date":"2024-09-06T17:26:03","date_gmt":"2024-09-06T22:26:03","guid":{"rendered":"https:\/\/lifefm.ec\/?p=8746"},"modified":"2024-09-06T17:26:03","modified_gmt":"2024-09-06T22:26:03","slug":"gustavo-petro-cede-ante-camioneros-y-acuerda-14-puntos-que-pone-fin-al-paro-en-colombia","status":"publish","type":"post","link":"https:\/\/lifefm.ec\/index.php\/2024\/09\/06\/gustavo-petro-cede-ante-camioneros-y-acuerda-14-puntos-que-pone-fin-al-paro-en-colombia\/","title":{"rendered":"GUSTAVO PETRO CEDE ANTE CAMIONEROS Y ACUERDA 14 PUNTOS QUE PONE FIN AL PARO EN COLOMBIA"},"content":{"rendered":"<blockquote><p>Mesa de trabajo entre el gobierno de Colombia y los representantes de camioneros para dar fin al paro<\/p><\/blockquote>\n<p>Los representantes de los camioneros y transportistas que protestaban por el alza del precio del di\u00e9sel y el Gobierno colombiano llegaron a un acuerdo la madrugada del 6 de septiembre, para levantar los bloqueos que realizan desde el lunes en varias v\u00edas del pa\u00eds y las salidas de Bogot\u00e1.<\/p>\n<p>&nbsp;<\/p>\n<p>As\u00ed lo inform\u00f3 la ministra de Transporte de Colombia, Mar\u00eda Constanza Garc\u00eda, que asegur\u00f3 que esta se firm\u00f3 un compromiso con los transportistas de carga para que el aumento del precio del di\u00e9sel, anunciado por el Gobierno en agosto y que comenz\u00f3 a regir desde el s\u00e1bado, sea progresivo.<\/p>\n<p>&nbsp;<\/p>\n<p>\u00abSe acordaron otros 14 puntos, entre los que se destacan suspender alzas adicionales hasta tanto no se logren transformaciones estructurales en el sector y establecer mesas t\u00e9cnicas que permitan hacer ajustes normativos\u00bb, entre otras, anunci\u00f3 el Ministerio de Transporte.<\/p>\n<p>&nbsp;<\/p>\n<p>Adem\u00e1s de Bogot\u00e1, el paro camionero se ha sentido en corredores viales de 23 departamentos, entre ellos Norte de Santander, Santander, Antioquia, Cauca, Valle del Cauca, Nari\u00f1o y Meta.<\/p>\n<p>&nbsp;<\/p>\n<p>Qu\u00e9 acord\u00f3 Petro con los camioneros<\/p>\n<p>Los camioneros y conductores de otros tipos de veh\u00edculos llevan toda la semana protestando en Colombia, contra el incremento anunciado a finales de agosto por el ministro de Hacienda, Ricardo Bonilla.<\/p>\n<p>&nbsp;<\/p>\n<p>Seg\u00fan lo previsto, el precio del di\u00e9sel subir\u00eda USD 1,44 por gal\u00f3n entre este a\u00f1o y el pr\u00f3ximo, que se har\u00e1 en tres alzas semestrales de 0,48 cada una.<\/p>\n<p>&nbsp;<\/p>\n<p>Finalmente,\u00a0el acuerdo con el gobierno de Gustavo Petro, que incluye unos 14 puntos, prev\u00e9 solo un aumento USD 0,19 d\u00f3lares, que se har\u00e1 en dos tiempos: un aumento\u00a0 ahora y el 1 de diciembre.<\/p>\n<p>De acuerdo con cifras de las autoridades, se han registrado 153 actividades de protesta y 89 bloqueos permanentes. Adem\u00e1s, hay 38 bloqueos intermitentes y 26 concentraciones, en 142 municipios, de 23 departamentos, con una participaci\u00f3n aproximada de 5.577 personas y 1.881 veh\u00edculos.<\/p>\n<p>&nbsp;<\/p>\n<p>La situaci\u00f3n tambi\u00e9n llev\u00f3 a la estatal Ecopetrol a anunciar que ha empezado a apagar campos de producci\u00f3n de petr\u00f3leo y gas licuado de petr\u00f3leo debido a los bloqueos de las v\u00edas.<\/p>\n<p>F: PRIMICIAS<\/p>\n<p>#RadioLife #LifeFM #LifeNoticias #LifeEntretenimiento #995<\/p>\n","protected":false},"excerpt":{"rendered":"<p>Mesa de trabajo entre el gobierno de Colombia y los representantes de camioneros para dar fin al paro Los representantes de los camioneros y transportistas que protestaban por el alza del precio del di\u00e9sel y el Gobierno colombiano llegaron a un acuerdo la madrugada del 6 de septiembre, para levantar los bloqueos que realizan desde [&hellip;]<\/p>\n","protected":false},"author":1,"featured_media":8750,"comment_status":"open","ping_status":"closed","sticky":false,"template":"","format":"standard","meta":{"footnotes":""},"categories":[23,28],"tags":[],"class_list":["post-8746","post","type-post","status-publish","format-standard","has-post-thumbnail","hentry","category-el-mundo","category-noticias"],"_links":{"self":[{"href":"https:\/\/lifefm.ec\/index.php\/wp-json\/wp\/v2\/posts\/8746","targetHints":{"allow":["GET"]}}],"collection":[{"href":"https:\/\/lifefm.ec\/index.php\/wp-json\/wp\/v2\/posts"}],"about":[{"href":"https:\/\/lifefm.ec\/index.php\/wp-json\/wp\/v2\/types\/post"}],"author":[{"embeddable":true,"href":"https:\/\/lifefm.ec\/index.php\/wp-json\/wp\/v2\/users\/1"}],"replies":[{"embeddable":true,"href":"https:\/\/lifefm.ec\/index.php\/wp-json\/wp\/v2\/comments?post=8746"}],"version-history":[{"count":1,"href":"https:\/\/lifefm.ec\/index.php\/wp-json\/wp\/v2\/posts\/8746\/revisions"}],"predecessor-version":[{"id":8751,"href":"https:\/\/lifefm.ec\/index.php\/wp-json\/wp\/v2\/posts\/8746\/revisions\/8751"}],"wp:featuredmedia":[{"embeddable":true,"href":"https:\/\/lifefm.ec\/index.php\/wp-json\/wp\/v2\/media\/8750"}],"wp:attachment":[{"href":"https:\/\/lifefm.ec\/index.php\/wp-json\/wp\/v2\/media?parent=8746"}],"wp:term":[{"taxonomy":"category","embeddable":true,"href":"https:\/\/lifefm.ec\/index.php\/wp-json\/wp\/v2\/categories?post=8746"},{"taxonomy":"post_tag","embeddable":true,"href":"https:\/\/lifefm.ec\/index.php\/wp-json\/wp\/v2\/tags?post=8746"}],"curies":[{"name":"wp","href":"https:\/\/api.w.org\/{rel}","templated":true}]}}