{"id":8720,"date":"2024-09-06T17:02:47","date_gmt":"2024-09-06T22:02:47","guid":{"rendered":"https:\/\/lifefm.ec\/?p=8720"},"modified":"2024-09-06T17:02:47","modified_gmt":"2024-09-06T22:02:47","slug":"el-musico-brasileno-sergio-mendez-figura-del-bossa-nova-samba-y-jazz-muere-a-los-83-anos","status":"publish","type":"post","link":"https:\/\/lifefm.ec\/index.php\/2024\/09\/06\/el-musico-brasileno-sergio-mendez-figura-del-bossa-nova-samba-y-jazz-muere-a-los-83-anos\/","title":{"rendered":"EL  M\u00d9SICO BRASILE\u00d1O SERGIO MENDEZ, FIGURA DEL BOSSA NOVA, SAMBA Y JAZZ, MUERE A LOS 83 A\u00d1OS"},"content":{"rendered":"<blockquote><p>Cantante, compositor y pianista, falleci\u00f3 este mi\u00e9rcoles 6 de septiembre en Los \u00c1ngeles.<\/p><\/blockquote>\n<p>La familia del \u00edcono de la m\u00fasica brasile\u00f1a e internacional Sergio Mendes inform\u00f3 hoy que este falleci\u00f3 en la ciudad de Los \u00c1ngeles, donde estaba radicado. A su lado estuvieron su esposa y colaboradora art\u00edstica durante 54 a\u00f1os, Gracinha Leporace Mendes, y sus hijos.<\/p>\n<p>Mendes subi\u00f3 a un escenario por \u00faltima vez en noviembre de 2023, en una gira por Par\u00eds, Londres y Barcelona. En los \u00faltimos meses, su salud se hab\u00eda visto afectada por los efectos del COVID de larga duraci\u00f3n, revelaron sus familiares.<\/p>\n<p>Reconocido como uno de los artistas m\u00e1s exitosos de todos los tiempos, Mendes grab\u00f3 m\u00e1s de 35 \u00e1lbumes, muchos de los cuales alcanzaron r\u00e9cords de oro y platino. Ganador, adem\u00e1s de tres Grammy y nominado al Oscar en 2012, dej\u00f3 un legado musical de m\u00e1s de seis d\u00e9cadas, varias de ellas con su banda Brasil \u201866.<\/p>\n<p>Su esposa e hijos manifestaron que a\u00fan est\u00e1n procesando la p\u00e9rdida y que m\u00e1s adelante dar\u00e1n m\u00e1s detalles sobre el funeral y servicios religiosos en memoria de Sergio Mendes.<\/p>\n<p>Nacido en 1941 en Niteroi, Mendes debut\u00f3 con el \u00e1lbum Dance Moderno, mientras el bossa nova ganaba fuerza, en 1961. Se mud\u00f3 a Estados Unidos, donde form\u00f3 la agrupaci\u00f3n Sergio Mendes &amp; Brasil \u201866. All\u00ed trat\u00f3 de afianzarse a\u00f1adiendo vocalistas en ingl\u00e9s.<\/p>\n<p>Pero su mayor \u00e9xito lleg\u00f3 con una canci\u00f3n en portugu\u00e9s, Mas que nada, escrita por Jorge Ben, en 1967, y que signific\u00f3 su verdadera entrada al mercado musical estadounidense. En 2006 la cantar\u00eda junto a su esposa Gracinha para la banda sonora de la pel\u00edcula de 20th Century Fox y Blue Sky R\u00edo.<\/p>\n<p>Lleg\u00f3 a tocar con su grupo en la ceremonia de los Oscar, para los presidentes Lyndon B. Johnson y Richard Nixon. Sigui\u00f3 explorando estilos tradicionales y modernos, hasta el disco de 1992 Brasileiro, ganador del Grammy a mejor \u00e1lbum de m\u00fasica del mundo en 1993. Repiti\u00f3 este triunfo en 2010 con Bom Tempo.<\/p>\n<p>Su producci\u00f3n final fue In the Key of Joy, en 2019, que sali\u00f3 junto con un documental sobre su vida, para HBO.<\/p>\n<p>F. EL UNIVERSO<\/p>\n<p>#RadioLife #LifeFM #LifeNoticias #LifeEntretenimiento\u00a0#995<\/p>\n<p>&nbsp;<\/p>\n","protected":false},"excerpt":{"rendered":"<p>Cantante, compositor y pianista, falleci\u00f3 este mi\u00e9rcoles 6 de septiembre en Los \u00c1ngeles. La familia del \u00edcono de la m\u00fasica brasile\u00f1a e internacional Sergio Mendes inform\u00f3 hoy que este falleci\u00f3 en la ciudad de Los \u00c1ngeles, donde estaba radicado. A su lado estuvieron su esposa y colaboradora art\u00edstica durante 54 a\u00f1os, Gracinha Leporace Mendes, y [&hellip;]<\/p>\n","protected":false},"author":1,"featured_media":8724,"comment_status":"open","ping_status":"closed","sticky":false,"template":"","format":"standard","meta":{"footnotes":""},"categories":[26,23],"tags":[],"class_list":["post-8720","post","type-post","status-publish","format-standard","has-post-thumbnail","hentry","category-entretenimiento","category-el-mundo"],"_links":{"self":[{"href":"https:\/\/lifefm.ec\/index.php\/wp-json\/wp\/v2\/posts\/8720","targetHints":{"allow":["GET"]}}],"collection":[{"href":"https:\/\/lifefm.ec\/index.php\/wp-json\/wp\/v2\/posts"}],"about":[{"href":"https:\/\/lifefm.ec\/index.php\/wp-json\/wp\/v2\/types\/post"}],"author":[{"embeddable":true,"href":"https:\/\/lifefm.ec\/index.php\/wp-json\/wp\/v2\/users\/1"}],"replies":[{"embeddable":true,"href":"https:\/\/lifefm.ec\/index.php\/wp-json\/wp\/v2\/comments?post=8720"}],"version-history":[{"count":1,"href":"https:\/\/lifefm.ec\/index.php\/wp-json\/wp\/v2\/posts\/8720\/revisions"}],"predecessor-version":[{"id":8725,"href":"https:\/\/lifefm.ec\/index.php\/wp-json\/wp\/v2\/posts\/8720\/revisions\/8725"}],"wp:featuredmedia":[{"embeddable":true,"href":"https:\/\/lifefm.ec\/index.php\/wp-json\/wp\/v2\/media\/8724"}],"wp:attachment":[{"href":"https:\/\/lifefm.ec\/index.php\/wp-json\/wp\/v2\/media?parent=8720"}],"wp:term":[{"taxonomy":"category","embeddable":true,"href":"https:\/\/lifefm.ec\/index.php\/wp-json\/wp\/v2\/categories?post=8720"},{"taxonomy":"post_tag","embeddable":true,"href":"https:\/\/lifefm.ec\/index.php\/wp-json\/wp\/v2\/tags?post=8720"}],"curies":[{"name":"wp","href":"https:\/\/api.w.org\/{rel}","templated":true}]}}