{"id":8712,"date":"2024-09-06T16:47:32","date_gmt":"2024-09-06T21:47:32","guid":{"rendered":"https:\/\/lifefm.ec\/?p=8712"},"modified":"2024-09-06T16:47:32","modified_gmt":"2024-09-06T21:47:32","slug":"el-mayo-zambada-acepta-ir-a-nueva-york-para-su-juiciode-que-se-lo-acusa","status":"publish","type":"post","link":"https:\/\/lifefm.ec\/index.php\/2024\/09\/06\/el-mayo-zambada-acepta-ir-a-nueva-york-para-su-juiciode-que-se-lo-acusa\/","title":{"rendered":"EL MAYO ZAMBADA &#8216;ACEPTA &#8216;IR A NUEVA YORK PARA SU JUICIO\u00bfDE QU\u00c9 SE LO ACUSA"},"content":{"rendered":"<blockquote><p>Un hombre mira los titulares de diarios en M\u00e9xico, sobre la captura de Ismael &#8216;El Mayo&#8217; Zambada.<\/p><\/blockquote>\n<p>El cofundador del Cartel de Sinaloa, Ismael &#8216;El Mayo&#8217; Zambada,\u00a0acept\u00f3 ser trasladado a Nueva York desde Texas, donde permanece detenido, para enfrentar el primero de varios procesos por narcotr\u00e1fico que tiene en Estados Unidos.<\/p>\n<p>&nbsp;<\/p>\n<p>Zambada dijo que \u00abno se opone\u00bb al pedido de la Fiscal\u00eda General estadounidense, que notific\u00f3 este jueves a las autoridades judiciales de Texas que el Distrito Este de Nueva York hab\u00eda iniciado \u00abel proceso para transportar\u00bb al narcotraficante mexicano, seg\u00fan consta en documentos judiciales oficiales.<\/p>\n<p>&nbsp;<\/p>\n<p>En Nueva York, Zambada es acusado, entre otros cargos, de conspiraci\u00f3n para la fabricaci\u00f3n y distribuci\u00f3n internacional de drogas como coca\u00edna y fentanilo.<\/p>\n<p>&nbsp;<\/p>\n<p>Este opioide sint\u00e9tico es prioridad en la pol\u00edtica antidrogas estadounidense y causante de una importante crisis sanitaria en el pa\u00eds.<\/p>\n<p>&nbsp;<\/p>\n<p>Luego deber\u00e1 enfrentar otras acusaciones por narcotr\u00e1fico, blanqueo de dinero y asesinato que tiene en Texas e Illinois.<\/p>\n<p>&nbsp;<\/p>\n<p>Zambada, de 76 a\u00f1os, ya tuvo dos comparecencias ante un tribunal en la ciudad fronteriza de El Paso, Texas, tras su detenci\u00f3n el 25 de julio en un aeropuerto de Santa Teresa, Nuevo M\u00e9xico, vecina de El Paso.<\/p>\n<p>&nbsp;<\/p>\n<p>Los cuatro casos del &#8216;Mayo Zambada&#8217; que pueden dejarlo en prisi\u00f3n de por vida en Estados Unidos<\/p>\n<p>All\u00ed lleg\u00f3 desde M\u00e9xico en un avi\u00f3n privado junto con Joaqu\u00edn Guzm\u00e1n L\u00f3pez, hijo del tambi\u00e9n narcotraficante Joaqu\u00edn \u00abEl Chapo\u00bb Guzm\u00e1n.<\/p>\n<p>&nbsp;<\/p>\n<p>Zambada cont\u00f3 que fue enga\u00f1ado por Guzm\u00e1n L\u00f3pez -procesado luego en Illinois- emboscado, secuestrado y tra\u00eddo por la fuerza. Cont\u00f3 que no hab\u00eda negociado su entrega con el gobierno estadounidense y en las audiencias en Texas se declar\u00f3 no culpable.<\/p>\n<p>&nbsp;<\/p>\n<p>\u00bfSe negocia un acuerdo?<\/p>\n<p>El pasado mi\u00e9rcoles, la jueza federal de El Paso, Kathleen Cardone, hab\u00eda negado el pedido de traslado hecho por la Fiscal\u00eda General de Estados Unidos, bajo el argumento de que Zambada fue detenido en su jurisdicci\u00f3n y ten\u00eda cargos pendientes en Texas.<\/p>\n<p>&nbsp;<\/p>\n<p>La defensa argument\u00f3 adem\u00e1s que trasladarlo violaba su derecho a un juicio r\u00e1pido que ten\u00eda en este estado.<\/p>\n<p>&nbsp;<\/p>\n<p>La Fiscal\u00eda insisti\u00f3 en su pedido y asegur\u00f3 que ya contaban con el benepl\u00e1cito del acusado para ser llevado a Nueva York y ser juzgado all\u00e1 primero. No se inform\u00f3 oficialmente si hubo alg\u00fan acuerdo entre las partes.<\/p>\n<p>La jueza Cardone pidi\u00f3 a Zambada que manifestara por escrito que est\u00e1 de acuerdo con el traslado, lo que finalmente ocurri\u00f3. Cardone cancel\u00f3 entonces la pr\u00f3xima audiencia de Zambada programada para el martes 9 de septiembre en El Paso.<\/p>\n<p>&nbsp;<\/p>\n<p>Tras su traslado, Zambada deber\u00e1 comparecer en fecha a determinar ante el mismo tribunal que proces\u00f3 a su hijo, Vicente Zambada Niebla, \u00abEl Vicentillo\u00bb, y que conden\u00f3 a cadena perpetua a \u00abEl Chapo\u00bb.<\/p>\n<p>F: PRIMICIAS<\/p>\n<p>#RadioLife #LifeFM #LifeNoticias #LifeEntretenimiento #995<\/p>\n","protected":false},"excerpt":{"rendered":"<p>Un hombre mira los titulares de diarios en M\u00e9xico, sobre la captura de Ismael &#8216;El Mayo&#8217; Zambada. El cofundador del Cartel de Sinaloa, Ismael &#8216;El Mayo&#8217; Zambada,\u00a0acept\u00f3 ser trasladado a Nueva York desde Texas, donde permanece detenido, para enfrentar el primero de varios procesos por narcotr\u00e1fico que tiene en Estados Unidos. &nbsp; Zambada dijo que [&hellip;]<\/p>\n","protected":false},"author":1,"featured_media":8715,"comment_status":"open","ping_status":"closed","sticky":false,"template":"","format":"standard","meta":{"footnotes":""},"categories":[23,28],"tags":[],"class_list":["post-8712","post","type-post","status-publish","format-standard","has-post-thumbnail","hentry","category-el-mundo","category-noticias"],"_links":{"self":[{"href":"https:\/\/lifefm.ec\/index.php\/wp-json\/wp\/v2\/posts\/8712","targetHints":{"allow":["GET"]}}],"collection":[{"href":"https:\/\/lifefm.ec\/index.php\/wp-json\/wp\/v2\/posts"}],"about":[{"href":"https:\/\/lifefm.ec\/index.php\/wp-json\/wp\/v2\/types\/post"}],"author":[{"embeddable":true,"href":"https:\/\/lifefm.ec\/index.php\/wp-json\/wp\/v2\/users\/1"}],"replies":[{"embeddable":true,"href":"https:\/\/lifefm.ec\/index.php\/wp-json\/wp\/v2\/comments?post=8712"}],"version-history":[{"count":1,"href":"https:\/\/lifefm.ec\/index.php\/wp-json\/wp\/v2\/posts\/8712\/revisions"}],"predecessor-version":[{"id":8716,"href":"https:\/\/lifefm.ec\/index.php\/wp-json\/wp\/v2\/posts\/8712\/revisions\/8716"}],"wp:featuredmedia":[{"embeddable":true,"href":"https:\/\/lifefm.ec\/index.php\/wp-json\/wp\/v2\/media\/8715"}],"wp:attachment":[{"href":"https:\/\/lifefm.ec\/index.php\/wp-json\/wp\/v2\/media?parent=8712"}],"wp:term":[{"taxonomy":"category","embeddable":true,"href":"https:\/\/lifefm.ec\/index.php\/wp-json\/wp\/v2\/categories?post=8712"},{"taxonomy":"post_tag","embeddable":true,"href":"https:\/\/lifefm.ec\/index.php\/wp-json\/wp\/v2\/tags?post=8712"}],"curies":[{"name":"wp","href":"https:\/\/api.w.org\/{rel}","templated":true}]}}