{"id":8698,"date":"2024-09-06T15:30:46","date_gmt":"2024-09-06T20:30:46","guid":{"rendered":"https:\/\/lifefm.ec\/?p=8698"},"modified":"2024-09-06T15:30:46","modified_gmt":"2024-09-06T20:30:46","slug":"vos-de-economia-no-entendes-mucho-responde-milei-a-criticas-de-cristina-fernandez","status":"publish","type":"post","link":"https:\/\/lifefm.ec\/index.php\/2024\/09\/06\/vos-de-economia-no-entendes-mucho-responde-milei-a-criticas-de-cristina-fernandez\/","title":{"rendered":"\u00abVOS DE ECONOM\u00cdA NO ENTEND\u00c9S MUCHO\u00bb, RESPONDE MILEI A CR\u00cdTICAS DE CRISTINA FERN\u00c1NDEZ"},"content":{"rendered":"<blockquote><p>El presidente de Argentina, Javier Milei , y la exmandataria argentina Cristina Fern\u00e1ndez<\/p><\/blockquote>\n<p>Es la econom\u00eda bimonetaria, est\u00fapido\u201d. \u201cVos de econom\u00eda, no entend\u00e9s mucho\u201d. Con esas palabras, el presidente de Argentina, Javier Milei, y la expresidenta Cristina Fern\u00e1ndez protagonizaron un enfrentamiento virtual este 6 de septiembre de 2024.<\/p>\n<p>&nbsp;<\/p>\n<p>La reacci\u00f3n de Milei lleg\u00f3 despu\u00e9s de que Fern\u00e1ndez de Kirchner publicara en redes sociales una carta en donde llam\u00f3 \u201cex libertario\u201d a Milei, lo acus\u00f3 de no tener d\u00f3lares para pagar la deuda y habl\u00f3 de un peronismo \u201ctorcido\u201d.<\/p>\n<p>&nbsp;<\/p>\n<p>\u201cYo s\u00e9 que vos de econom\u00eda no entend\u00e9s mucho, demostrado por el hecho de que te rodeaste de analfabetos anum\u00e9ricos que destruyeron el pa\u00eds con su chamanismo econ\u00f3mico\u201d, respondi\u00f3 el mandatario en su cuenta de la red social X (antes Twitter)<\/p>\n<p>Milei le ofreci\u00f3 a la exmandataria \u201cuna clase particular ad honorem\u201d sobre el tema, a trav\u00e9s de una entrevista de televisi\u00f3n prevista para esta noche.<\/p>\n<p>&nbsp;<\/p>\n<p>La expresidenta, tambi\u00e9n X, replic\u00f3 enseguida: \u00abHablar de econom\u00eda diciendo cualquier cosa en los set de televisi\u00f3n o escribir plagiando libros, es una cosa. Gobernar la Argentina, es otra muy distinta. Y de esto, por c\u00f3mo est\u00e1n viviendo los argentinos, se ve a la legua que vos no ten\u00e9s ni idea\u00bb.<\/p>\n<p>La carta de la discordia<\/p>\n<p>El enfrentamiento verbal arranc\u00f3 luego de que la expresidenta difundiera en redes un extenso texto donde eval\u00faa los primeros nueve meses de gesti\u00f3n de Milei, y cuestiona las medidas del libertario en materia de deuda y restricci\u00f3n cambiaria.<\/p>\n<p>&nbsp;<\/p>\n<p>En su publicaci\u00f3n, titulada \u201cEs la econom\u00eda bimonetaria, est\u00fapido\u201d, Cristina Fern\u00e1ndez acusa a Milei de haber dejado de lado la teor\u00eda monetaria, en alusi\u00f3n a una entrevista del ministro de Econom\u00eda, Luis Caputo, en donde el funcionario admite que \u00abdevaluando lo \u00fanico que se gana es que suba la inflaci\u00f3n\u00bb.<\/p>\n<p>&nbsp;<\/p>\n<p>\u00ab(Milei) ha dejado de lado la teor\u00eda monetarista. O sea: la inflaci\u00f3n en nuestro pa\u00eds est\u00e1 atada al movimiento del d\u00f3lar. Bienvenidos a la Argentina\u00bb, ironiza.<\/p>\n<p>&nbsp;<\/p>\n<p>Para CFK, si el Presidente a\u00fan no avanz\u00f3 \u00abcon la dolarizaci\u00f3n que imaginaba como plan de estabilizaci\u00f3n\u00bb es por la escasez de d\u00f3lares \u00abpara pagar la deuda\u00bb que tiene el pa\u00eds.<\/p>\n<p>&nbsp;<\/p>\n<p>\u00abCuriosa paradoja de quien se cree l\u00edder amado y admirado a nivel global, pero al que nadie le presta un d\u00f3lar. A esta altura de la soir\u00e9e (tarde), casi, casi que tenemos que hablar de Milei, el ex libertario\u00bb, escribi\u00f3 Cristina Fern\u00e1ndez.<\/p>\n<p>F: PRIMICIAS<\/p>\n<p>#RadioLife #LifeFM #LifeNoticias #LifeEntretenimiento #995<\/p>\n<p>&nbsp;<\/p>\n","protected":false},"excerpt":{"rendered":"<p>El presidente de Argentina, Javier Milei , y la exmandataria argentina Cristina Fern\u00e1ndez Es la econom\u00eda bimonetaria, est\u00fapido\u201d. \u201cVos de econom\u00eda, no entend\u00e9s mucho\u201d. Con esas palabras, el presidente de Argentina, Javier Milei, y la expresidenta Cristina Fern\u00e1ndez protagonizaron un enfrentamiento virtual este 6 de septiembre de 2024. &nbsp; La reacci\u00f3n de Milei lleg\u00f3 despu\u00e9s [&hellip;]<\/p>\n","protected":false},"author":1,"featured_media":8703,"comment_status":"open","ping_status":"closed","sticky":false,"template":"","format":"standard","meta":{"footnotes":""},"categories":[23,28],"tags":[],"class_list":["post-8698","post","type-post","status-publish","format-standard","has-post-thumbnail","hentry","category-el-mundo","category-noticias"],"_links":{"self":[{"href":"https:\/\/lifefm.ec\/index.php\/wp-json\/wp\/v2\/posts\/8698","targetHints":{"allow":["GET"]}}],"collection":[{"href":"https:\/\/lifefm.ec\/index.php\/wp-json\/wp\/v2\/posts"}],"about":[{"href":"https:\/\/lifefm.ec\/index.php\/wp-json\/wp\/v2\/types\/post"}],"author":[{"embeddable":true,"href":"https:\/\/lifefm.ec\/index.php\/wp-json\/wp\/v2\/users\/1"}],"replies":[{"embeddable":true,"href":"https:\/\/lifefm.ec\/index.php\/wp-json\/wp\/v2\/comments?post=8698"}],"version-history":[{"count":1,"href":"https:\/\/lifefm.ec\/index.php\/wp-json\/wp\/v2\/posts\/8698\/revisions"}],"predecessor-version":[{"id":8704,"href":"https:\/\/lifefm.ec\/index.php\/wp-json\/wp\/v2\/posts\/8698\/revisions\/8704"}],"wp:featuredmedia":[{"embeddable":true,"href":"https:\/\/lifefm.ec\/index.php\/wp-json\/wp\/v2\/media\/8703"}],"wp:attachment":[{"href":"https:\/\/lifefm.ec\/index.php\/wp-json\/wp\/v2\/media?parent=8698"}],"wp:term":[{"taxonomy":"category","embeddable":true,"href":"https:\/\/lifefm.ec\/index.php\/wp-json\/wp\/v2\/categories?post=8698"},{"taxonomy":"post_tag","embeddable":true,"href":"https:\/\/lifefm.ec\/index.php\/wp-json\/wp\/v2\/tags?post=8698"}],"curies":[{"name":"wp","href":"https:\/\/api.w.org\/{rel}","templated":true}]}}