{"id":8668,"date":"2024-09-06T14:35:08","date_gmt":"2024-09-06T19:35:08","guid":{"rendered":"https:\/\/lifefm.ec\/?p=8668"},"modified":"2024-09-06T14:35:08","modified_gmt":"2024-09-06T19:35:08","slug":"una-treintena-de-exlideres-iberoamericanos-pide-a-la-cpi-detencion-inmediata-de-maduro","status":"publish","type":"post","link":"https:\/\/lifefm.ec\/index.php\/2024\/09\/06\/una-treintena-de-exlideres-iberoamericanos-pide-a-la-cpi-detencion-inmediata-de-maduro\/","title":{"rendered":"UNA TREINTENA DE EXL\u00cdDERES IBEROAMERICANOS PIDE A LA CPI \u00abDETENCI\u00d3N INMEDIATA \u00abDE MADURO"},"content":{"rendered":"<blockquote><p>El presidente de Venezuela, Nicol\u00e1s Maduro, a la salida del Tribunal Supremo de Justicia<\/p><\/blockquote>\n<p>&nbsp;<\/p>\n<p>Una treintena de exmandatarios iberoamericanos pidieron este viernes, 6 de septiembre de 2024, a la Fiscal\u00eda de la Corte Penal Internacional (CPI) \u00abla captura y detenci\u00f3n inmediata\u00bb del presidente venezolano, Nicol\u00e1s Maduro, de su n\u00famero dos Diosdado Cabello y de toda la cadena de mando del pa\u00eds.<\/p>\n<p>&nbsp;<\/p>\n<p>\u00abPor primera vez, 31 expresidentes, exjefes de Estado de Am\u00e9rica Latina y Espa\u00f1a, firman un documento (&#8230;) pidiendo la captura y detenci\u00f3n inmediata de Nicol\u00e1s Maduro, de Diosdado Cabello y toda la cadena de mando en Venezuela\u00bb, dijo a EFE el expresidente colombiano Andr\u00e9s Pastrana, quien en nombre de los firmantes present\u00f3 un informe jur\u00eddico de seis p\u00e1ginas a la Fiscal\u00eda de la Corte.<\/p>\n<p>&nbsp;<\/p>\n<p>Entre los firmantes tambi\u00e9n est\u00e1n los espa\u00f1oles Felipe Gonz\u00e1lez, Jos\u00e9 Mar\u00eda Aznar y Mariano Rajoy; as\u00ed como los colombianos \u00c1lvaro Uribe e Iv\u00e1n Duque; el argentino Mauricio Macri; el mexicano Vicente Fox o el boliviano Carlos Mesa<\/p>\n<p>Es importante resaltar que en Espa\u00f1a firmaron Felipe Gonz\u00e1lez, Jos\u00e9 Mar\u00eda Aznar y Mariano Rajoy. El \u00fanico expresidente que no lo firma es (Jos\u00e9 Lu\u00eds Rodr\u00edguez) Zapatero\u00bb, destac\u00f3 Pastrana tras reunirse con el equipo del fiscal Karim Khan en la sede de la CPI.<\/p>\n<p>&nbsp;<\/p>\n<p>Los firmantes, que forman parte de Iniciativa Democr\u00e1tica de Espa\u00f1a y las Am\u00e9ricas (IDEA-Democr\u00e1tica), denunciaron en su informe jur\u00eddico \u00abviolaciones generalizadas y sistem\u00e1ticas de derechos humanos\u00bb, incluidos \u00ablos cr\u00edmenes de lesa humanidad\u00bb, del r\u00e9gimen venezolano de Nicol\u00e1s Maduro, al que acusan de \u00abterrorismo de Estado\u00bb.<\/p>\n<p>&nbsp;<\/p>\n<p>Esta denuncia, que se hace extensiva a los miembros del Ej\u00e9rcito venezolano por ser el soporte fundamental del r\u00e9gimen de Maduro, se suma a la causa abierta contra Venezuela en la CPI en 2021.<\/p>\n<p>&nbsp;<\/p>\n<p>En noviembre de ese a\u00f1o, la fiscal\u00eda de la CPI abri\u00f3 una investigaci\u00f3n formal contra Venezuela despu\u00e9s de haber examinado las denuncias de Per\u00fa, Argentina, Canad\u00e1, Colombia, Chile y Paraguay, asegurando que en el pa\u00eds se hab\u00edan cometido cr\u00edmenes de lesa humanidad desde el 12 de febrero de 2014.<\/p>\n<p>Por ahora, la investigaci\u00f3n se lleva a cabo contra Venezuela y no contra ning\u00fan alto cargo del pa\u00eds latinoamericano.<\/p>\n<p>&nbsp;<\/p>\n<p>El \u00abn\u00facleo\u00bb del informe jur\u00eddico presentado por los exl\u00edderes iberoamericanos se centra en la existencia de la Ley Constitucional de la Fuerza Armada Nacional Bolivariana, que se sancion\u00f3 el 29 de enero del 2020, que nombra a Maduro comandante en jefe, de tal forma que desde entonces es la m\u00e1xima autoridad jer\u00e1rquica del Ej\u00e9rcito, seg\u00fan contempla la ley.<\/p>\n<p>&nbsp;<\/p>\n<p>\u00abEs importante porque, de acuerdo con ese documento, Venezuela deja de ser un Estado civilista para convertirse en un Estado militar\u00bb, se\u00f1al\u00f3 Pastrana, y Maduro, en sus funciones de comandante supremo, es \u00abdirectamente responsable de lo que est\u00e1 sucediendo a trav\u00e9s de la cadena de mando operacional\u00bb, as\u00ed como los dem\u00e1s cargos, ya que \u00abla diligencia debida hoy ya no es una excusa para que te eximan las investigaciones\u00bb.<\/p>\n<p>Hay un terrorismo de Estado promovido directamente por el presidente de la Rep\u00fablica\u00bb, sentenci\u00f3 Pastrana, quien ofreci\u00f3 a la Corte Penal Internacional la cooperaci\u00f3n del grupo IDEA para conseguir \u00abevidencias, pruebas, respaldo legal\u00bb para que pueda actuar \u00abr\u00e1pido\u00bb en la causa contra Venezuela.<\/p>\n<p>&nbsp;<\/p>\n<p>En su reuni\u00f3n con el equipo del fiscal Khan, Pastrana tambi\u00e9n quiso \u00abllamar la atenci\u00f3n de lo que estaba pasando\u00bb en el pa\u00eds y de la \u00abpreocupaci\u00f3n\u00bb por la seguridad de los l\u00edderes opositores colombianos Edmundo Gonz\u00e1lez y Mar\u00eda Corina Machado, cuya situaci\u00f3n es \u00abmuy fr\u00e1gil\u00bb, as\u00ed como de los \u00abm\u00e1s de 1.200 detenidos pol\u00edticos\u00bb.<\/p>\n<p>F: PRIMICIAS<\/p>\n<p>#RadioLife #LifeFM #LifeNoticias #LifeEntretenimiento #995<\/p>\n","protected":false},"excerpt":{"rendered":"<p>El presidente de Venezuela, Nicol\u00e1s Maduro, a la salida del Tribunal Supremo de Justicia &nbsp; Una treintena de exmandatarios iberoamericanos pidieron este viernes, 6 de septiembre de 2024, a la Fiscal\u00eda de la Corte Penal Internacional (CPI) \u00abla captura y detenci\u00f3n inmediata\u00bb del presidente venezolano, Nicol\u00e1s Maduro, de su n\u00famero dos Diosdado Cabello y de [&hellip;]<\/p>\n","protected":false},"author":1,"featured_media":8669,"comment_status":"open","ping_status":"closed","sticky":false,"template":"","format":"standard","meta":{"footnotes":""},"categories":[23,28],"tags":[],"class_list":["post-8668","post","type-post","status-publish","format-standard","has-post-thumbnail","hentry","category-el-mundo","category-noticias"],"_links":{"self":[{"href":"https:\/\/lifefm.ec\/index.php\/wp-json\/wp\/v2\/posts\/8668","targetHints":{"allow":["GET"]}}],"collection":[{"href":"https:\/\/lifefm.ec\/index.php\/wp-json\/wp\/v2\/posts"}],"about":[{"href":"https:\/\/lifefm.ec\/index.php\/wp-json\/wp\/v2\/types\/post"}],"author":[{"embeddable":true,"href":"https:\/\/lifefm.ec\/index.php\/wp-json\/wp\/v2\/users\/1"}],"replies":[{"embeddable":true,"href":"https:\/\/lifefm.ec\/index.php\/wp-json\/wp\/v2\/comments?post=8668"}],"version-history":[{"count":1,"href":"https:\/\/lifefm.ec\/index.php\/wp-json\/wp\/v2\/posts\/8668\/revisions"}],"predecessor-version":[{"id":8670,"href":"https:\/\/lifefm.ec\/index.php\/wp-json\/wp\/v2\/posts\/8668\/revisions\/8670"}],"wp:featuredmedia":[{"embeddable":true,"href":"https:\/\/lifefm.ec\/index.php\/wp-json\/wp\/v2\/media\/8669"}],"wp:attachment":[{"href":"https:\/\/lifefm.ec\/index.php\/wp-json\/wp\/v2\/media?parent=8668"}],"wp:term":[{"taxonomy":"category","embeddable":true,"href":"https:\/\/lifefm.ec\/index.php\/wp-json\/wp\/v2\/categories?post=8668"},{"taxonomy":"post_tag","embeddable":true,"href":"https:\/\/lifefm.ec\/index.php\/wp-json\/wp\/v2\/tags?post=8668"}],"curies":[{"name":"wp","href":"https:\/\/api.w.org\/{rel}","templated":true}]}}