{"id":8649,"date":"2024-09-06T11:11:18","date_gmt":"2024-09-06T16:11:18","guid":{"rendered":"https:\/\/lifefm.ec\/?p=8649"},"modified":"2024-09-06T11:11:18","modified_gmt":"2024-09-06T16:11:18","slug":"elecciones-presidenciales-mas-del-76-de-los-jovenes-no-se-identifica-con-los-partidos","status":"publish","type":"post","link":"https:\/\/lifefm.ec\/index.php\/2024\/09\/06\/elecciones-presidenciales-mas-del-76-de-los-jovenes-no-se-identifica-con-los-partidos\/","title":{"rendered":"Elecciones presidenciales: M\u00e1s del 76% de los j\u00f3venes no se identifica con los partidos"},"content":{"rendered":"<blockquote><p><em>En el \u00faltimo estudio de la encuestadora Cedatos se evidenci\u00f3 la decepci\u00f3n de la poblaci\u00f3n con la clase pol\u00edtica y los partidos. Pol\u00edtica \u00fatil y m\u00e1s honestidad ser\u00e1n algunas de las estrategias de las organizaciones para acercarse al electorado joven.<\/em><\/p><\/blockquote>\n<p>Para las\u00a0elecciones presidenciales,\u00a0Asamblea Nacional\u00a0y\u00a0Parlamento Andino\u00a0que se realizar\u00e1n el pr\u00f3ximo 9 de febrero de 2025, el\u00a0Consejo Nacional Electoral\u00a0aprob\u00f3 el cierre del registro electoral de\u00a013\u2019736.314 votantes.<\/p>\n<p>En las elecciones adelantadas de agosto de 2023, algo m\u00e1s\u00a0de 4 millones de votantes\u00a0se encontraban entre los 16 y 29 a\u00f1os de edad, un poco m\u00e1s de la\u00a0tercera parte del electorado, lo que convierte a este grupo en un\u00a0factor decisivo\u00a0para las aspiraciones de todos los candidatos.<\/p>\n<p>Seg\u00fan el \u00faltimo estudio de opini\u00f3n de la\u00a0encuestadora Cedatos, la percepci\u00f3n de la juventud sobre la clase pol\u00edtica y los partidos pol\u00edticos es mayoritariamente negativa, generando rechazo y poca identificaci\u00f3n con las organizaciones.<\/p>\n<p>El presidente de Cedatos,\u00a0\u00c1ngel Polibio C\u00f3rdova, precis\u00f3 a LA HORA que el 74% de los ciudadanos consultados manifiesta no sentirse identificado con los partidos, y al revisar en detalle \u201clos menores de 25 a\u00f1os, 17% dice tener afinidad y el 76,2% dice que no le agradan, mientras que los menores de 35 a\u00f1os, el 72% dice no sentirse identificado y el 24% se\u00f1ala alguna afinidad\u201d.<\/p>\n<p>A\u00f1adi\u00f3 que en los focus group se registra un gran sentimiento de\u00a0decepci\u00f3n y preocupaci\u00f3n. \u201cNos manifiestan que no hay seguridad sobre los candidatos, los electores est\u00e1n confundidos y molestos por el manejo de los binomios, es preocupante\u201d, dijo.<\/p>\n<p>Al revisar la actitud de los\u00a0votantes para la Asamblea Nacional, C\u00f3rdova manifest\u00f3 que m\u00e1s de un 50% de los consultados \u201cno conoce, no sabe o no responde\u201d por qui\u00e9n votar\u00e1.<\/p>\n<p>Indic\u00f3 que, en el estudio realizado en m\u00e1s de 30 ciudades del pa\u00eds hasta el 27 de agosto de 2024, solo dos fuerzas pol\u00edticas reciben respaldo de los votantes que s\u00ed est\u00e1n decididos, \u201cAcci\u00f3n Democr\u00e1tica Nacional\u00a0(ADN) tiene un 18,8% de respaldo, la\u00a0Revoluci\u00f3n Ciudadana\u00a0tiene 17,2% y en tercer lugar a la Asamblea se encuentra\u00a0Pachakutik\u00a0con 4%\u201d.<\/p>\n<p>El presidente de Cedatos agreg\u00f3 que hay nueve organizaciones pol\u00edticas con menos del 1% de intenci\u00f3n de voto al Parlamento.<\/p>\n<h4>La clase pol\u00edtica de Ecuador debe transformarse<\/h4>\n<p>Ante el diagn\u00f3stico realizado por Cedatos, la asamble\u00edsta y candidata por el\u00a0Movimiento Construye,\u00a0Ana Galarza, hizo un llamado a la clase pol\u00edtica del pa\u00eds a asumir con responsabilidad su rol y demostrar a los ciudadanos que si pueden volver a confiar.<\/p>\n<p>En este sentido, la asamble\u00edsta indic\u00f3 que los candidatos y dirigentes pol\u00edticos siempre deben ser genuinos. \u201cTenemos que vivir y\u00a0hablar con la verdad. No enga\u00f1ar, porque como j\u00f3venes ponemos nuestras esperanzas y expectativas en los ofrecimientos de campa\u00f1a\u201d.<\/p>\n<p>Destac\u00f3 que la decepci\u00f3n de la juventud es el resultado de aquellos que llegan al poder\u00a0y no responden a sus ofrecimientos de campa\u00f1a.\u00a0\u201cPor eso la decepci\u00f3n y la desconfianza\u201d. Recomend\u00f3 a la juventud no generalizar, \u201ca pesar de que uno fall\u00f3\u201d no todos los pol\u00edticos obran de la misma manera.<\/p>\n<p>Por su parte, la asamble\u00edsta y tambi\u00e9n candidata a la Asamblea por la\u00a0Revoluci\u00f3n Ciudadana,\u00a0Jahiren Noriega, indic\u00f3 a LA HORA que los datos del estudio \u201cson un diagn\u00f3stico de lo que pasa a nivel de la percepci\u00f3n que tienen los j\u00f3venes de la pol\u00edtica y la mejor forma de revertir esto es haciendo pol\u00edtica \u00fatil\u201d.<\/p>\n<p>La joven asamble\u00edsta de 26 a\u00f1os de edad precis\u00f3 que la f\u00f3rmula para cambiar la percepci\u00f3n que tiene la juventud sobre la pol\u00edtica es con resultados. \u201cQue vean que la pol\u00edtica puede ser otra cosa, que s\u00ed se puede transformar la vida de la gente y que la pol\u00edtica es \u00fatil para resolver los problemas\u201d.<\/p>\n<p>Lament\u00f3 que en muchas oportunidades los\u00a0medios de comunicaci\u00f3n\u00a0muestren solo \u201cla cara menos amable de la pol\u00edtica, esa que genera m\u00e1s vac\u00edos a la gente, que es la cara de las disputas entre partidos y autoridades\u201d.<\/p>\n<h4>Redes sociales m\u00e1s all\u00e1 del baile<\/h4>\n<p>Al revisar la importancia que toman las\u00a0redes sociales\u00a0para\u00a0acercar el discurso pol\u00edtico\u00a0a los m\u00e1s j\u00f3venes, Jahiren Noriega, destac\u00f3 que este debe ser un ejercicio permanente de\u00a0legitimaci\u00f3n\u00a0frente a la ciudadan\u00eda, m\u00e1s all\u00e1 de las\u00a0campa\u00f1as electorales.<\/p>\n<p>Acot\u00f3 que cuando un pol\u00edtico solo genera comunicaci\u00f3n con sus audiencias<\/p>\n<p>Destac\u00f3 que hay que perder el miedo a comunicar con mayor profundidad a trav\u00e9s de las redes sociales. \u201cHay que desmitificar muchas cosas que se dice a trav\u00e9s de las redes sociales, que solo en TikTok se puede comunicar bailando o haciendo una tendencia\u201d.<\/p>\n<p>Noriega fue tajante al se\u00f1alar, \u201cesto es totalmente falso. De hecho, una de las experiencias en el pa\u00eds que fue s\u00faper relevante en el manejo de las redes sociales con contenido, con profundidad, se dio durante la consulta\u201d.<\/p>\n<p>Para la asamble\u00edsta la derrota del Gobierno en las preguntas sobre el\u00a0trabajo por horas\u00a0y la\u00a0mediaci\u00f3n internacional\u00a0se logr\u00f3 gracias a la comunicaci\u00f3n \u201cpedag\u00f3gica\u201d que desarrollaron los activistas en estas redes.<\/p>\n<p>Galarza, por su parte, manifest\u00f3 que los j\u00f3venes y la clase pol\u00edtica deben aprender a contrastar entre lo que se dice en las redes sociales y lo que se hace en la realidad, al momento de llegar a un cargo de\u00a0elecci\u00f3n popular.<\/p>\n<p>\u201cSolo hay que preguntar a los j\u00f3venes \u00bfCu\u00e1ntos de esos j\u00f3venes graduados ya est\u00e1n trabajando?, debemos contrastar lo que dicen en un\u00a0TikTok\u00a0y lo que realmente hacen cuando est\u00e1n en el poder\u201d, apunt\u00f3 en clara referencia a los mensajes presidenciales sobre el crecimiento del empleo joven.<\/p>\n<p>&nbsp;<\/p>\n<p>F: La Hora.<\/p>\n<p>&nbsp;<\/p>\n<p>#RadioLife #LifeFM #LifeNoticias #Elecciones2025 #votaciones #Jovenes #995<\/p>\n","protected":false},"excerpt":{"rendered":"<p>En el \u00faltimo estudio de la encuestadora Cedatos se evidenci\u00f3 la decepci\u00f3n de la poblaci\u00f3n con la clase pol\u00edtica y los partidos. Pol\u00edtica \u00fatil y m\u00e1s honestidad ser\u00e1n algunas de las estrategias de las organizaciones para acercarse al electorado joven. Para las\u00a0elecciones presidenciales,\u00a0Asamblea Nacional\u00a0y\u00a0Parlamento Andino\u00a0que se realizar\u00e1n el pr\u00f3ximo 9 de febrero de 2025, el\u00a0Consejo [&hellip;]<\/p>\n","protected":false},"author":1,"featured_media":8650,"comment_status":"open","ping_status":"closed","sticky":false,"template":"","format":"standard","meta":{"footnotes":""},"categories":[24,28],"tags":[],"class_list":["post-8649","post","type-post","status-publish","format-standard","has-post-thumbnail","hentry","category-nacional","category-noticias"],"_links":{"self":[{"href":"https:\/\/lifefm.ec\/index.php\/wp-json\/wp\/v2\/posts\/8649","targetHints":{"allow":["GET"]}}],"collection":[{"href":"https:\/\/lifefm.ec\/index.php\/wp-json\/wp\/v2\/posts"}],"about":[{"href":"https:\/\/lifefm.ec\/index.php\/wp-json\/wp\/v2\/types\/post"}],"author":[{"embeddable":true,"href":"https:\/\/lifefm.ec\/index.php\/wp-json\/wp\/v2\/users\/1"}],"replies":[{"embeddable":true,"href":"https:\/\/lifefm.ec\/index.php\/wp-json\/wp\/v2\/comments?post=8649"}],"version-history":[{"count":1,"href":"https:\/\/lifefm.ec\/index.php\/wp-json\/wp\/v2\/posts\/8649\/revisions"}],"predecessor-version":[{"id":8653,"href":"https:\/\/lifefm.ec\/index.php\/wp-json\/wp\/v2\/posts\/8649\/revisions\/8653"}],"wp:featuredmedia":[{"embeddable":true,"href":"https:\/\/lifefm.ec\/index.php\/wp-json\/wp\/v2\/media\/8650"}],"wp:attachment":[{"href":"https:\/\/lifefm.ec\/index.php\/wp-json\/wp\/v2\/media?parent=8649"}],"wp:term":[{"taxonomy":"category","embeddable":true,"href":"https:\/\/lifefm.ec\/index.php\/wp-json\/wp\/v2\/categories?post=8649"},{"taxonomy":"post_tag","embeddable":true,"href":"https:\/\/lifefm.ec\/index.php\/wp-json\/wp\/v2\/tags?post=8649"}],"curies":[{"name":"wp","href":"https:\/\/api.w.org\/{rel}","templated":true}]}}