{"id":8646,"date":"2024-09-06T11:01:48","date_gmt":"2024-09-06T16:01:48","guid":{"rendered":"https:\/\/lifefm.ec\/?p=8646"},"modified":"2024-09-06T11:01:48","modified_gmt":"2024-09-06T16:01:48","slug":"cuatro-artistas-retratan-el-surrealismo-y-belleza-de-zapotillo-en-muestra-visual","status":"publish","type":"post","link":"https:\/\/lifefm.ec\/index.php\/2024\/09\/06\/cuatro-artistas-retratan-el-surrealismo-y-belleza-de-zapotillo-en-muestra-visual\/","title":{"rendered":"Cuatro artistas retratan el surrealismo y belleza de Zapotillo en muestra visual"},"content":{"rendered":"<blockquote><p><em>En el marco de los 44 a\u00f1os de cantonizaci\u00f3n de Zapotillo, cuatro fot\u00f3grafos locales presentan una exposici\u00f3n visual que celebra la riqueza cultural y natural de la regi\u00f3n, esta se inaugura este viernes 6 de septiembre a las 11h00 en el Museo Puerta de la Ciudad de Loja.<\/em><\/p><\/blockquote>\n<p>La exposici\u00f3n, organizada por la Municipalidad de Loja en el marco de la celebraci\u00f3n de los 44 a\u00f1os de cantonizaci\u00f3n de Zapotillo, re\u00fane las obras de cuatro talentosos fot\u00f3grafos locales: Lucy Guerrero Jim\u00e9nez, Roberto Gonz\u00e1lez Quezada, Daniel Sanmart\u00edn Guachizaca y Darwin Mart\u00ednez Chamba.<\/p>\n<p><strong>Lucy Guerrero Jim\u00e9nez:<\/strong><\/p>\n<p>La artista nacida en Esp\u00edndola y con 37 a\u00f1os, ha destacado por su proyecto \u00abSubuniversos\u00bb, una autobiograf\u00eda visual compuesta por treinta retratos no convencionales. Guerrero, con su singular visi\u00f3n, captura la belleza y la cotidianidad campesina de Esp\u00edndola, dotando a su obra de altos valores esc\u00e9nicos. Su proyecto le vali\u00f3 una primera menci\u00f3n de honor en un evento que se realiz\u00f3 en la Casa de la Cultura Ecuatoriana.<\/p>\n<p><strong>Roberto Gonz\u00e1lez Quezada:<\/strong><\/p>\n<p>Originario de Loja, \u00abRogo\u00bb, como se le conoce en el mundo art\u00edstico, cuenta con m\u00e1s de quince a\u00f1os de experiencia en el \u00e1mbito cultural. A sus 50 a\u00f1os, ha destacado como fot\u00f3grafo, artista pl\u00e1stico y activista. Su trayectoria incluye la participaci\u00f3n en el Festival Mundial de Juventud en Cuba, donde exhibi\u00f3 su trabajo durante tres a\u00f1os consecutivos. Posteriormente, se desempe\u00f1\u00f3 como jurado en el Festival Internacional de Fotograf\u00eda Autodidacta.<\/p>\n<p><strong>Daniel Sanmart\u00edn Guachizaca:<\/strong><\/p>\n<p>Es un bi\u00f3logo de 32 a\u00f1os nacido en Loja, dedica su carrera a la conservaci\u00f3n de la biodiversidad. Trabaja en la Fundaci\u00f3n Naturaleza y Cultura Internacional, donde actualmente est\u00e1 en el Bosque Seco de Zapotillo. Su pasi\u00f3n por la naturaleza se refleja en su participaci\u00f3n en las \u00abSacha Photo Expeditions\u00bb, iniciativa que busca divulgar la importancia de la biodiversidad a trav\u00e9s de la fotograf\u00eda.<\/p>\n<p>Cada uno de los artistas ha capturado a trav\u00e9s del lente su propia interpretaci\u00f3n de la magia y el surrealismo que caracteriza a Zapotillo, invitando al p\u00fablico a descubrir la riqueza cultural y natural de la regi\u00f3n.<\/p>\n<p>\u00abEXPO ZAPOTILLO, Magia y Surrealismo\u00bb no es solo una exposici\u00f3n de fotograf\u00edas, es un viaje visual que lleva a los espectadores a explorar la identidad cultural y natural de Zapotillo. (IO)<\/p>\n<p><strong>EL DATO<\/strong><\/p>\n<p>La entrada a la inauguraci\u00f3n es gratuita, brindando a todos la oportunidad de disfrutar de la belleza de Zapotillo.<\/p>\n<p>&nbsp;<\/p>\n<p>F: La Hora.<\/p>\n<p>&nbsp;<\/p>\n<p>&nbsp;<\/p>\n<p>#RadioLife #LifeFM #LifeNoticias #LifeEntretenimiento #Arte #\u00a0#995<\/p>\n","protected":false},"excerpt":{"rendered":"<p>En el marco de los 44 a\u00f1os de cantonizaci\u00f3n de Zapotillo, cuatro fot\u00f3grafos locales presentan una exposici\u00f3n visual que celebra la riqueza cultural y natural de la regi\u00f3n, esta se inaugura este viernes 6 de septiembre a las 11h00 en el Museo Puerta de la Ciudad de Loja. La exposici\u00f3n, organizada por la Municipalidad de [&hellip;]<\/p>\n","protected":false},"author":1,"featured_media":8647,"comment_status":"open","ping_status":"closed","sticky":false,"template":"","format":"standard","meta":{"footnotes":""},"categories":[24,28],"tags":[],"class_list":["post-8646","post","type-post","status-publish","format-standard","has-post-thumbnail","hentry","category-nacional","category-noticias"],"_links":{"self":[{"href":"https:\/\/lifefm.ec\/index.php\/wp-json\/wp\/v2\/posts\/8646","targetHints":{"allow":["GET"]}}],"collection":[{"href":"https:\/\/lifefm.ec\/index.php\/wp-json\/wp\/v2\/posts"}],"about":[{"href":"https:\/\/lifefm.ec\/index.php\/wp-json\/wp\/v2\/types\/post"}],"author":[{"embeddable":true,"href":"https:\/\/lifefm.ec\/index.php\/wp-json\/wp\/v2\/users\/1"}],"replies":[{"embeddable":true,"href":"https:\/\/lifefm.ec\/index.php\/wp-json\/wp\/v2\/comments?post=8646"}],"version-history":[{"count":1,"href":"https:\/\/lifefm.ec\/index.php\/wp-json\/wp\/v2\/posts\/8646\/revisions"}],"predecessor-version":[{"id":8648,"href":"https:\/\/lifefm.ec\/index.php\/wp-json\/wp\/v2\/posts\/8646\/revisions\/8648"}],"wp:featuredmedia":[{"embeddable":true,"href":"https:\/\/lifefm.ec\/index.php\/wp-json\/wp\/v2\/media\/8647"}],"wp:attachment":[{"href":"https:\/\/lifefm.ec\/index.php\/wp-json\/wp\/v2\/media?parent=8646"}],"wp:term":[{"taxonomy":"category","embeddable":true,"href":"https:\/\/lifefm.ec\/index.php\/wp-json\/wp\/v2\/categories?post=8646"},{"taxonomy":"post_tag","embeddable":true,"href":"https:\/\/lifefm.ec\/index.php\/wp-json\/wp\/v2\/tags?post=8646"}],"curies":[{"name":"wp","href":"https:\/\/api.w.org\/{rel}","templated":true}]}}