{"id":8643,"date":"2024-09-06T10:54:27","date_gmt":"2024-09-06T15:54:27","guid":{"rendered":"https:\/\/lifefm.ec\/?p=8643"},"modified":"2024-09-06T10:54:27","modified_gmt":"2024-09-06T15:54:27","slug":"gonzanama-celebra-su-81-aniversario-destacando-el-agradecimiento-a-sus-bomberos-por-su-valentia-y-dedicacion","status":"publish","type":"post","link":"https:\/\/lifefm.ec\/index.php\/2024\/09\/06\/gonzanama-celebra-su-81-aniversario-destacando-el-agradecimiento-a-sus-bomberos-por-su-valentia-y-dedicacion\/","title":{"rendered":"Gonzanam\u00e1 celebra su 81\u00b0 aniversario destacando el agradecimiento a sus bomberos por su valent\u00eda y dedicaci\u00f3n"},"content":{"rendered":"<blockquote><p><em>Gonzanam\u00e1 conmemora 81 a\u00f1os de cantonizaci\u00f3n con una variada agenda de actividades sociales, deportivas y culturales, destacando homenaje a sus bomberos por su hero\u00edsmo.<\/em><\/p><\/blockquote>\n<p>Gonzanam\u00e1 se prepara para una celebraci\u00f3n especial en honor a su 81\u00b0 aniversario de cantonizaci\u00f3n. La festividad, que comenzar\u00e1 el 6 de septiembre, promete una serie de\u00a0eventos que abarcan desde actos culturales y deportivos hasta celebraciones religiosas, con el objetivo de conmemorar el crecimiento y la historia del cant\u00f3n.<\/p>\n<p>Paulo Herrera, alcalde del cant\u00f3n, detall\u00f3 que las celebraciones iniciar\u00e1n con un preg\u00f3n de festividades el 6 de septiembre a las 16:00. Este evento incluir\u00e1 un\u00a0desfile\u00a0por las principales calles de la ciudad con la participaci\u00f3n de zanqueros, mimos, malabaristas y acr\u00f3batas. Posteriormente, se llevar\u00e1 a cabo una gala en el parque central y la coronaci\u00f3n de la Reina del barrio San Pedro, con la actuaci\u00f3n de la Orquesta \u201cCombinaci\u00f3n Tropical\u201d a las 21:00 en el mismo barrio.<\/p>\n<p>El 7 de septiembre, el ambiente festivo continuar\u00e1 con la coronaci\u00f3n de la Reina del barrio 24 de Mayo, Angye I, que contar\u00e1 con la presencia del \u201cTr\u00edo Madrigal\u201d y la imitadora \u201cYo Me Llamo Myriam Hern\u00e1ndez\u201d. El evento se llevar\u00e1 a cabo en las calles 10 de Agosto y 24 de Mayo a las 20:00.<\/p>\n<p>Adem\u00e1s, el 8 de septiembre se inaugurar\u00e1 el Campeonato de F\u00fatbol Masculino y Femenino, denominado \u201cPor un Gonzanam\u00e1 Pr\u00f3spero\u201d, en el Estadio Municipal \u201cMiguel \u00c1ngel Brice\u00f1o\u201d, a las 09:00. Este evento dar\u00e1 inicio a una serie de actividades deportivas que se extender\u00e1n a lo largo del mes.<\/p>\n<p>La agenda incluye tambi\u00e9n programas\u00a0art\u00edsticos\u00a0culturales en honor a los 113 a\u00f1os de vida pol\u00edtica de las parroquias de Changaimina y Purunuma, y la elecci\u00f3n de la Reina del Cant\u00f3n Gonzanam\u00e1 el 20 de septiembre, con un evento nocturno en la Unidad Educativa Gonzanam\u00e1.<\/p>\n<p>Un punto destacado de la celebraci\u00f3n ser\u00e1 la entrega de\u00a0nuevo equipo\u00a0caminero a Gonzanam\u00e1, gracias a una inversi\u00f3n de 1.5 millones de d\u00f3lares del gobierno nacional y el Banco de Desarrollo. Este equipo es esencial para la infraestructura del cant\u00f3n y su entrega se realizar\u00e1 el 30 de septiembre durante la sesi\u00f3n solemne, que contar\u00e1 con la presencia de varias autoridades. Adem\u00e1s, un momento especial ser\u00e1 el reconocimiento a los\u00a0bomberos\u00a0locales, quienes jugaron un papel crucial en la lucha contra los recientes incendios forestales del \u00faltimo fin de semana. Este homenaje subrayar\u00e1 el agradecimiento del cant\u00f3n por su esfuerzo y sacrificio, destacando la importancia de su labor en la preservaci\u00f3n del medio ambiente y la seguridad de los ciudadanos.<\/p>\n<p>\u201cQueremos rendir un sincero homenaje a nuestros bomberos, quienes no solo arriesgaron sus vidas en los recientes incendios, sino que tambi\u00e9n demuestran d\u00eda a d\u00eda su compromiso con la seguridad y el bienestar de nuestro cant\u00f3n. Son verdaderos h\u00e9roes y estamos profundamente agradecidos por su valent\u00eda y dedicaci\u00f3n\u201d, mencion\u00f3 Herrera.<\/p>\n<p>A lo largo del mes, tambi\u00e9n se realizar\u00e1n competencias atl\u00e9ticas, un campeonato de baloncesto interprovincial,\u00a0ferias\u00a0gastron\u00f3micas y artesanales, y eventos sociales como el Festival de Oratoria y una gran carrera de motocross. Las festividades culminar\u00e1n con una noche de luces y un gran baile en la Plaza Central de Gonzanam\u00e1, con la actuaci\u00f3n de una orquesta de renombre nacional e internacional.<\/p>\n<p>La comunidad de Gonzanam\u00e1 se encuentra entusiasta y activa, y\u00a0 Herrera hace un llamado a todos los residentes y visitantes a participar en las festividades para celebrar juntos el legado y el desarrollo de su querido cant\u00f3n.<\/p>\n<p>&nbsp;<\/p>\n<p>F: La Hora<\/p>\n<p>&nbsp;<\/p>\n<p>#RadioLife #LifeFM #LifeNoticias #LifeEntretenimiento #Gonzanam\u00e1 #995<\/p>\n","protected":false},"excerpt":{"rendered":"<p>Gonzanam\u00e1 conmemora 81 a\u00f1os de cantonizaci\u00f3n con una variada agenda de actividades sociales, deportivas y culturales, destacando homenaje a sus bomberos por su hero\u00edsmo. Gonzanam\u00e1 se prepara para una celebraci\u00f3n especial en honor a su 81\u00b0 aniversario de cantonizaci\u00f3n. La festividad, que comenzar\u00e1 el 6 de septiembre, promete una serie de\u00a0eventos que abarcan desde actos [&hellip;]<\/p>\n","protected":false},"author":1,"featured_media":8644,"comment_status":"open","ping_status":"closed","sticky":false,"template":"","format":"standard","meta":{"footnotes":""},"categories":[24,28],"tags":[],"class_list":["post-8643","post","type-post","status-publish","format-standard","has-post-thumbnail","hentry","category-nacional","category-noticias"],"_links":{"self":[{"href":"https:\/\/lifefm.ec\/index.php\/wp-json\/wp\/v2\/posts\/8643","targetHints":{"allow":["GET"]}}],"collection":[{"href":"https:\/\/lifefm.ec\/index.php\/wp-json\/wp\/v2\/posts"}],"about":[{"href":"https:\/\/lifefm.ec\/index.php\/wp-json\/wp\/v2\/types\/post"}],"author":[{"embeddable":true,"href":"https:\/\/lifefm.ec\/index.php\/wp-json\/wp\/v2\/users\/1"}],"replies":[{"embeddable":true,"href":"https:\/\/lifefm.ec\/index.php\/wp-json\/wp\/v2\/comments?post=8643"}],"version-history":[{"count":1,"href":"https:\/\/lifefm.ec\/index.php\/wp-json\/wp\/v2\/posts\/8643\/revisions"}],"predecessor-version":[{"id":8645,"href":"https:\/\/lifefm.ec\/index.php\/wp-json\/wp\/v2\/posts\/8643\/revisions\/8645"}],"wp:featuredmedia":[{"embeddable":true,"href":"https:\/\/lifefm.ec\/index.php\/wp-json\/wp\/v2\/media\/8644"}],"wp:attachment":[{"href":"https:\/\/lifefm.ec\/index.php\/wp-json\/wp\/v2\/media?parent=8643"}],"wp:term":[{"taxonomy":"category","embeddable":true,"href":"https:\/\/lifefm.ec\/index.php\/wp-json\/wp\/v2\/categories?post=8643"},{"taxonomy":"post_tag","embeddable":true,"href":"https:\/\/lifefm.ec\/index.php\/wp-json\/wp\/v2\/tags?post=8643"}],"curies":[{"name":"wp","href":"https:\/\/api.w.org\/{rel}","templated":true}]}}