{"id":8632,"date":"2024-09-06T10:36:04","date_gmt":"2024-09-06T15:36:04","guid":{"rendered":"https:\/\/lifefm.ec\/?p=8632"},"modified":"2024-09-06T10:38:01","modified_gmt":"2024-09-06T15:38:01","slug":"la-parroquia-san-lorenzo-de-vinces-contara-con-una-nueva-upc","status":"publish","type":"post","link":"https:\/\/lifefm.ec\/index.php\/2024\/09\/06\/la-parroquia-san-lorenzo-de-vinces-contara-con-una-nueva-upc\/","title":{"rendered":"La parroquia San Lorenzo de Vinces contar\u00e1 con un nuevo UPC"},"content":{"rendered":"<blockquote><p><em>La infraestructura estar\u00e1 equipada con diversas \u00e1reas y contar\u00e1 con todos los recursos necesarios para los agentes.<\/em><\/p><\/blockquote>\n<p>Dentro de poco, la parroquia urbana\u00a0San Lorenzo, en el cant\u00f3n\u00a0Vinces\u00a0de la provincia de Los R\u00edos, contar\u00e1 con una moderna y elegante\u00a0Unidad de Polic\u00eda Comunitaria\u00a0(UPC). Esta nueva infraestructura est\u00e1 dise\u00f1ada para\u00a0reforzar la seguridad, brindar mayor protecci\u00f3n y mejorar la calidad de vida de sus habitantes.<\/p>\n<p>La\u00a0construcci\u00f3n de la UPC\u00a0ya muestra avances significativos, la infraestructura estar\u00e1 equipada con diversas \u00e1reas y contar\u00e1 con todos los\u00a0recursos necesarios para el desempe\u00f1o \u00f3ptimo de las funciones de los\u00a0agentes de seguridad.<\/p>\n<p>Los moradores de la mencionada parroquia han expresado su gratitud por esta y otras iniciativas importantes que buscan el bienestar de la comunidad.<\/p>\n<p>La nueva UPC ser\u00e1 una herramienta clave para\u00a0asegurar la paz y tranquilidad\u00a0en el cant\u00f3n, proporcionando un entorno seguro para todos los residentes.<\/p>\n<p>El alcalde del cant\u00f3n,\u00a0Alfonso Montalv\u00e1n Cerezo,\u00a0ha destacado que su administraci\u00f3n contin\u00faa trabajando en territorio, verificando cada detalle de las obras para asegurar que se cumplan las promesas realizadas y se beneficie a la comunidad vince\u00f1a.<\/p>\n<p>&nbsp;<\/p>\n<p>F: La Hora.<\/p>\n<p>&nbsp;<\/p>\n<p>#RadioLife #LifeFM #LifeNoticias #LifeEntretenimiento #Vinces #UPC\u00a0 #995<\/p>\n","protected":false},"excerpt":{"rendered":"<p>La infraestructura estar\u00e1 equipada con diversas \u00e1reas y contar\u00e1 con todos los recursos necesarios para los agentes. Dentro de poco, la parroquia urbana\u00a0San Lorenzo, en el cant\u00f3n\u00a0Vinces\u00a0de la provincia de Los R\u00edos, contar\u00e1 con una moderna y elegante\u00a0Unidad de Polic\u00eda Comunitaria\u00a0(UPC). Esta nueva infraestructura est\u00e1 dise\u00f1ada para\u00a0reforzar la seguridad, brindar mayor protecci\u00f3n y mejorar la [&hellip;]<\/p>\n","protected":false},"author":1,"featured_media":8635,"comment_status":"open","ping_status":"closed","sticky":false,"template":"","format":"standard","meta":{"footnotes":""},"categories":[24,28],"tags":[],"class_list":["post-8632","post","type-post","status-publish","format-standard","has-post-thumbnail","hentry","category-nacional","category-noticias"],"_links":{"self":[{"href":"https:\/\/lifefm.ec\/index.php\/wp-json\/wp\/v2\/posts\/8632","targetHints":{"allow":["GET"]}}],"collection":[{"href":"https:\/\/lifefm.ec\/index.php\/wp-json\/wp\/v2\/posts"}],"about":[{"href":"https:\/\/lifefm.ec\/index.php\/wp-json\/wp\/v2\/types\/post"}],"author":[{"embeddable":true,"href":"https:\/\/lifefm.ec\/index.php\/wp-json\/wp\/v2\/users\/1"}],"replies":[{"embeddable":true,"href":"https:\/\/lifefm.ec\/index.php\/wp-json\/wp\/v2\/comments?post=8632"}],"version-history":[{"count":3,"href":"https:\/\/lifefm.ec\/index.php\/wp-json\/wp\/v2\/posts\/8632\/revisions"}],"predecessor-version":[{"id":8640,"href":"https:\/\/lifefm.ec\/index.php\/wp-json\/wp\/v2\/posts\/8632\/revisions\/8640"}],"wp:featuredmedia":[{"embeddable":true,"href":"https:\/\/lifefm.ec\/index.php\/wp-json\/wp\/v2\/media\/8635"}],"wp:attachment":[{"href":"https:\/\/lifefm.ec\/index.php\/wp-json\/wp\/v2\/media?parent=8632"}],"wp:term":[{"taxonomy":"category","embeddable":true,"href":"https:\/\/lifefm.ec\/index.php\/wp-json\/wp\/v2\/categories?post=8632"},{"taxonomy":"post_tag","embeddable":true,"href":"https:\/\/lifefm.ec\/index.php\/wp-json\/wp\/v2\/tags?post=8632"}],"curies":[{"name":"wp","href":"https:\/\/api.w.org\/{rel}","templated":true}]}}