{"id":8627,"date":"2024-09-06T10:26:29","date_gmt":"2024-09-06T15:26:29","guid":{"rendered":"https:\/\/lifefm.ec\/?p=8627"},"modified":"2024-09-06T10:26:29","modified_gmt":"2024-09-06T15:26:29","slug":"recupera-su-libertad-tras-18-anos-detenido-pese-a-sentencia-absolutoria","status":"publish","type":"post","link":"https:\/\/lifefm.ec\/index.php\/2024\/09\/06\/recupera-su-libertad-tras-18-anos-detenido-pese-a-sentencia-absolutoria\/","title":{"rendered":"Recupera su libertad tras 18 a\u00f1os detenido pese a sentencia absolutoria"},"content":{"rendered":"<blockquote><p><em>Alberto O. C., quien pas\u00f3 cerca de 18 a\u00f1os privado de su libertad, fue liberado tras una acci\u00f3n de h\u00e1beas corpus impulsada por la Defensor\u00eda P\u00fablica, pese a contar con una sentencia absolutoria desde 2006.<\/em><\/p><\/blockquote>\n<p>Despu\u00e9s de pasar casi 18 a\u00f1os detenido en el Centro de Privaci\u00f3n de la Libertad de Loja, Alberto O. C., un ciudadano en estado de\u00a0vulnerabilidad, recuper\u00f3 su libertad gracias al patrocinio de la Defensor\u00eda P\u00fablica de Zamora Chinchipe. La jueza del cant\u00f3n Loja acogi\u00f3 la acci\u00f3n de\u00a0h\u00e1beas corpus\u00a0presentada por la Defensor\u00eda, luego de revisar el caso y constatar que el ciudadano hab\u00eda sido privado de su libertad de manera\u00a0injusta, a pesar de contar con una sentencia absolutoria emitida en 2006.<\/p>\n<p>El caso se remonta a ese a\u00f1o, cuando Alberto fue detenido y acusado de un\u00a0presunto\u00a0delito de tentativa de violaci\u00f3n. Tras nueve meses de prisi\u00f3n preventiva, el Tribunal Penal de Zamora Chinchipe lo absolvi\u00f3, bas\u00e1ndose en una valoraci\u00f3n psiqui\u00e1trica que diagnostic\u00f3 \u00abesquizofrenia paranoide cr\u00f3nica\u00bb. Sin embargo, en lugar de cumplir con la orden de internamiento en un hospital psiqui\u00e1trico, el ciudadano continu\u00f3 en prisi\u00f3n.<\/p>\n<p>Cinco a\u00f1os despu\u00e9s, un nuevo Tribunal Penal ratific\u00f3 la sentencia absolutoria y orden\u00f3 nuevamente el internamiento en un centro especializado, pero una vez m\u00e1s la resoluci\u00f3n no se cumpli\u00f3. As\u00ed, Alberto O. C. permaneci\u00f3 detenido durante 17 a\u00f1os, 11 meses y ocho d\u00edas, hasta que la Defensor\u00eda P\u00fablica asumi\u00f3 su caso en julio de 2024.<\/p>\n<p>Con el patrocinio de la Defensor\u00eda, se recab\u00f3 la documentaci\u00f3n necesaria, incluida una nueva valoraci\u00f3n m\u00e9dica que confirm\u00f3 su condici\u00f3n psiqui\u00e1trica. Finalmente, el 2 de septiembre de 2024, una jueza de la Unidad Judicial del cant\u00f3n Loja resolvi\u00f3 el h\u00e1beas corpus y orden\u00f3 la\u00a0liberaci\u00f3n\u00a0de Alberto O. C., adem\u00e1s de su internamiento temporal en un hospital psiqui\u00e1trico para recibir el tratamiento adecuado.<\/p>\n<p>&nbsp;<\/p>\n<p>F: La Hora.<\/p>\n<p>&nbsp;<\/p>\n<p>&nbsp;<\/p>\n<p>#RadioLife #LifeFM #LifeNoticias #ZamoraChinchipe\u00a0 #995<\/p>\n","protected":false},"excerpt":{"rendered":"<p>Alberto O. C., quien pas\u00f3 cerca de 18 a\u00f1os privado de su libertad, fue liberado tras una acci\u00f3n de h\u00e1beas corpus impulsada por la Defensor\u00eda P\u00fablica, pese a contar con una sentencia absolutoria desde 2006. Despu\u00e9s de pasar casi 18 a\u00f1os detenido en el Centro de Privaci\u00f3n de la Libertad de Loja, Alberto O. C., [&hellip;]<\/p>\n","protected":false},"author":1,"featured_media":8629,"comment_status":"open","ping_status":"closed","sticky":false,"template":"","format":"standard","meta":{"footnotes":""},"categories":[24,28],"tags":[],"class_list":["post-8627","post","type-post","status-publish","format-standard","has-post-thumbnail","hentry","category-nacional","category-noticias"],"_links":{"self":[{"href":"https:\/\/lifefm.ec\/index.php\/wp-json\/wp\/v2\/posts\/8627","targetHints":{"allow":["GET"]}}],"collection":[{"href":"https:\/\/lifefm.ec\/index.php\/wp-json\/wp\/v2\/posts"}],"about":[{"href":"https:\/\/lifefm.ec\/index.php\/wp-json\/wp\/v2\/types\/post"}],"author":[{"embeddable":true,"href":"https:\/\/lifefm.ec\/index.php\/wp-json\/wp\/v2\/users\/1"}],"replies":[{"embeddable":true,"href":"https:\/\/lifefm.ec\/index.php\/wp-json\/wp\/v2\/comments?post=8627"}],"version-history":[{"count":1,"href":"https:\/\/lifefm.ec\/index.php\/wp-json\/wp\/v2\/posts\/8627\/revisions"}],"predecessor-version":[{"id":8631,"href":"https:\/\/lifefm.ec\/index.php\/wp-json\/wp\/v2\/posts\/8627\/revisions\/8631"}],"wp:featuredmedia":[{"embeddable":true,"href":"https:\/\/lifefm.ec\/index.php\/wp-json\/wp\/v2\/media\/8629"}],"wp:attachment":[{"href":"https:\/\/lifefm.ec\/index.php\/wp-json\/wp\/v2\/media?parent=8627"}],"wp:term":[{"taxonomy":"category","embeddable":true,"href":"https:\/\/lifefm.ec\/index.php\/wp-json\/wp\/v2\/categories?post=8627"},{"taxonomy":"post_tag","embeddable":true,"href":"https:\/\/lifefm.ec\/index.php\/wp-json\/wp\/v2\/tags?post=8627"}],"curies":[{"name":"wp","href":"https:\/\/api.w.org\/{rel}","templated":true}]}}