{"id":8620,"date":"2024-09-06T10:17:18","date_gmt":"2024-09-06T15:17:18","guid":{"rendered":"https:\/\/lifefm.ec\/?p=8620"},"modified":"2024-09-06T10:17:18","modified_gmt":"2024-09-06T15:17:18","slug":"implementa-sistema-de-alarmas-y-camaras-para-combatir-la-delincuencia-en-quevedo","status":"publish","type":"post","link":"https:\/\/lifefm.ec\/index.php\/2024\/09\/06\/implementa-sistema-de-alarmas-y-camaras-para-combatir-la-delincuencia-en-quevedo\/","title":{"rendered":"Implementa sistema de alarmas y c\u00e1maras para combatir la delincuencia en Quevedo"},"content":{"rendered":"<blockquote><p><em>Las 112 alarmas comunitarias distribuidas en la ciudad est\u00e1n conectadas a una aplicaci\u00f3n m\u00f3vil llamada Modo Smart.<\/em><\/p><\/blockquote>\n<p>Con la colaboraci\u00f3n del\u00a0Municipio de Quevedo y la Polic\u00eda Nacional, en la ciudad se han implementado diversas\u00a0medidas para mejorar la seguridad.\u00a0Entre estas medidas est\u00e1 la instalaci\u00f3n de 112\u00a0alarmas comunitarias, 62 c\u00e1maras del ECU 911 dirigidas por la polic\u00eda Nacional y la instalaci\u00f3n de 26 nuevas c\u00e1maras de seguridad, las cuales est\u00e1n en proceso de funcionamiento.<\/p>\n<h4>Alarmas comunitarias<\/h4>\n<p>Las 112 alarmas comunitarias distribuidas en la ciudad est\u00e1n conectadas a una\u00a0aplicaci\u00f3n m\u00f3vil llamada Modo Smart. Esta aplicaci\u00f3n permite a los ciudadanos\u00a0reportar emergencias\u00a0r\u00e1pidamente y con precisi\u00f3n. Al abrir la aplicaci\u00f3n, los usuarios pueden elegir entre tres opciones: Polic\u00eda,\u00a0Ambulancia o Accidentes.\u00a0La informaci\u00f3n se env\u00eda directamente al centro de control, lo que optimiza la respuesta ante cualquier emergencia.<\/p>\n<p>Para utilizar la aplicaci\u00f3n, los ciudadanos deben registrarse en la\u00a0Direcci\u00f3n de Control Municipal del Comercio, Espacios y V\u00edas P\u00fablicas,\u00a0presentando una copia de su c\u00e9dula de identidad.<\/p>\n<p>El personal de la direcci\u00f3n ayuda con el registro y proporciona un\u00a0usuario y contrase\u00f1a\u00a0para acceder a la aplicaci\u00f3n. Este sistema tiene como objetivo mejorar la rapidez de la respuesta a emergencias, evitando demoras que podr\u00edan ocurrir si las llamadas se dirigieran a la matriz del\u00a0ECU 911 en Babahoyo.<\/p>\n<h4>C\u00e1maras de vigilancia<\/h4>\n<p>Actualmente, el sistema de c\u00e1maras de vigilancia en Quevedo incluye 62 c\u00e1maras del ECU 911, 30 de las cuales est\u00e1n operativas bajo la supervisi\u00f3n de la Polic\u00eda Nacional. Adem\u00e1s, el municipio est\u00e1 en proceso para el funcionamiento de 26 c\u00e1maras de seguridad adicionales en \u00e1reas de alto riesgo,\u00a0zonas comerciales y parroquias con problemas de delincuencia.\u00a0Se tiene previsto que estas empiecen a operar en los pr\u00f3ximos d\u00edas.<\/p>\n<p>El Abg. Miguel G\u00f3mez, Director de Control Municipal del Comercio, Espacios y V\u00edas P\u00fablicas, ha informado que las nuevas c\u00e1maras ser\u00e1n entregadas antes del 7 de octubre. Adem\u00e1s, se ha previsto que la sala de monitoreo de estas c\u00e1maras se ubique en el\u00a0Shopping Center, donde ser\u00e1 gestionada por agentes de control.<\/p>\n<p>La ubicaci\u00f3n de estas c\u00e1maras se ha determinado con base en la informaci\u00f3n proporcionada por la Polic\u00eda Nacional para asegurar que cubran los\u00a0puntos m\u00e1s cr\u00edticos.<\/p>\n<h4>Recursos adicionales<\/h4>\n<p>El director tambi\u00e9n ha anunciado que en los pr\u00f3ximos d\u00edas se realizar\u00e1 la\u00a0entrega de 3 patrulleros y 14 motocicletas\u00a0a la Polic\u00eda Nacional, mejorando as\u00ed su capacidad para\u00a0responder a emergencias\u00a0y trasladarse r\u00e1pidamente por la ciudad.<\/p>\n<p>Destacando adem\u00e1s, que se mantienen reuniones peri\u00f3dicas con la polic\u00eda, militares y agentes de tr\u00e1nsito para coordinar los esfuerzos y garantizar una respuesta unificada. La adquisici\u00f3n y gesti\u00f3n de las nuevas c\u00e1maras de seguridad han sido\u00a0responsabilidad del municipio.<\/p>\n<p>&nbsp;<\/p>\n<p>F: La Hora.<\/p>\n<p>&nbsp;<\/p>\n<p>#RadioLife #LifeFM #LifeNoticias #Quevedo #Seguridad #995<\/p>\n","protected":false},"excerpt":{"rendered":"<p>Las 112 alarmas comunitarias distribuidas en la ciudad est\u00e1n conectadas a una aplicaci\u00f3n m\u00f3vil llamada Modo Smart. Con la colaboraci\u00f3n del\u00a0Municipio de Quevedo y la Polic\u00eda Nacional, en la ciudad se han implementado diversas\u00a0medidas para mejorar la seguridad.\u00a0Entre estas medidas est\u00e1 la instalaci\u00f3n de 112\u00a0alarmas comunitarias, 62 c\u00e1maras del ECU 911 dirigidas por la polic\u00eda [&hellip;]<\/p>\n","protected":false},"author":1,"featured_media":8623,"comment_status":"open","ping_status":"closed","sticky":false,"template":"","format":"standard","meta":{"footnotes":""},"categories":[24,28],"tags":[],"class_list":["post-8620","post","type-post","status-publish","format-standard","has-post-thumbnail","hentry","category-nacional","category-noticias"],"_links":{"self":[{"href":"https:\/\/lifefm.ec\/index.php\/wp-json\/wp\/v2\/posts\/8620","targetHints":{"allow":["GET"]}}],"collection":[{"href":"https:\/\/lifefm.ec\/index.php\/wp-json\/wp\/v2\/posts"}],"about":[{"href":"https:\/\/lifefm.ec\/index.php\/wp-json\/wp\/v2\/types\/post"}],"author":[{"embeddable":true,"href":"https:\/\/lifefm.ec\/index.php\/wp-json\/wp\/v2\/users\/1"}],"replies":[{"embeddable":true,"href":"https:\/\/lifefm.ec\/index.php\/wp-json\/wp\/v2\/comments?post=8620"}],"version-history":[{"count":1,"href":"https:\/\/lifefm.ec\/index.php\/wp-json\/wp\/v2\/posts\/8620\/revisions"}],"predecessor-version":[{"id":8624,"href":"https:\/\/lifefm.ec\/index.php\/wp-json\/wp\/v2\/posts\/8620\/revisions\/8624"}],"wp:featuredmedia":[{"embeddable":true,"href":"https:\/\/lifefm.ec\/index.php\/wp-json\/wp\/v2\/media\/8623"}],"wp:attachment":[{"href":"https:\/\/lifefm.ec\/index.php\/wp-json\/wp\/v2\/media?parent=8620"}],"wp:term":[{"taxonomy":"category","embeddable":true,"href":"https:\/\/lifefm.ec\/index.php\/wp-json\/wp\/v2\/categories?post=8620"},{"taxonomy":"post_tag","embeddable":true,"href":"https:\/\/lifefm.ec\/index.php\/wp-json\/wp\/v2\/tags?post=8620"}],"curies":[{"name":"wp","href":"https:\/\/api.w.org\/{rel}","templated":true}]}}