{"id":8607,"date":"2024-09-06T09:38:01","date_gmt":"2024-09-06T14:38:01","guid":{"rendered":"https:\/\/lifefm.ec\/?p=8607"},"modified":"2024-09-06T09:38:01","modified_gmt":"2024-09-06T14:38:01","slug":"caminata-por-la-paz-en-babahoyo-un-llamado-a-la-tranquilidad","status":"publish","type":"post","link":"https:\/\/lifefm.ec\/index.php\/2024\/09\/06\/caminata-por-la-paz-en-babahoyo-un-llamado-a-la-tranquilidad\/","title":{"rendered":"Caminata por la Paz en Babahoyo: Un llamado a la tranquilidad"},"content":{"rendered":"<blockquote><p><em>Ante tantos hechos violentos que se efect\u00faan en Babahoyo, la Iglesia Cat\u00f3lica realizar\u00e1 una marcha en la ciudad.<\/em><\/p><\/blockquote>\n<p>Este s\u00e1bado 7 de septiembre, en la ciudad de Babahoyo se llevar\u00e1 a cabo una marcha por la paz. El evento lo efect\u00faa la\u00a0Iglesia Cat\u00f3lica\u00a0de la ciudad como una de las actividades que se tiene previsto para\u00a0homenajear a la Virgen de la Merced.<\/p>\n<p>El padre Oscar Barrag\u00e1n,\u00a0p\u00e1rroco de la Iglesia Catedral, coment\u00f3 que la Caminata de la Paz compromete a todos los\u00a0babahoyenses. Esta marcha se desarrolla debido a la dif\u00edcil situaci\u00f3n que vive la ciudad y el pa\u00eds. Barrag\u00e1n indic\u00f3 que es una excelente oportunidad aprovechar las fiestas para manifestar la\u00a0fe y devoci\u00f3n,\u00a0y pedir a Dios para que conceda la\u00a0tranquilidad y la paz\u00a0que todos anhelan.<\/p>\n<p>La marcha comenzar\u00e1 a las 16:30 desde el\u00a0Parque 24 de Mayo, recorrer\u00e1n la Av., Universitaria posterior llegar\u00e1n hasta la calle 5 de Junio y finalizar\u00e1 en el Parque Central, donde se desarrollar\u00e1 la\u00a0misa campal,\u00a0la cual estar\u00e1 presidida por el Monse\u00f1or y lo acompa\u00f1ar\u00e1n los sacerdotes de los diferentes templos de Babahoyo.<\/p>\n<h4>Violencia en Babahoyo<\/h4>\n<p>Hoy en d\u00eda,\u00a0Babahoyo\u00a0es uno de los cantones de la provincia de Los R\u00edos con\u00a0m\u00e1s hechos violentos registrados\u00a0en lo que va del a\u00f1o. Por ello, la curia tom\u00f3 la decisi\u00f3n de realizar este evento para que las familias devotas y fieles creyentes de la palabra de Dios puedan orar para que la ciudad vuelva a\u00a0recuperar la armon\u00eda,\u00a0y las familias riosenses puedan estar\u00a0tranquilos y sin miedo\u00a0a que les hagan da\u00f1o.<\/p>\n<p>La Congregaci\u00f3n espera que las personas puedan acudir el s\u00e1bado a la caminata, junto a sus familiares y amigos, y de esta forma puedan demostrar el amor que tienen hacia el creador.<\/p>\n<p>El Monse\u00f1or Esquipe Y\u00e1nez manifest\u00f3 que estas actividades tienen una connotaci\u00f3n especial, ya que en la actualidad se est\u00e1 viviendo una situaci\u00f3n dif\u00edcil en lo econ\u00f3mico, social y pol\u00edtico, donde se puede ver delincuencia y dolor entre otras situaciones, por ello, por medio de la intercesi\u00f3n de la Virgen Mar\u00eda, pedir al se\u00f1or su ayuda y bendiciones para encontrar d\u00edas mejores. Adem\u00e1s, destac\u00f3 la importancia de vivir estas fiestas con mayor devoci\u00f3n y fervor hacia la\u00a0Virgen Sant\u00edsima de la Merced.<\/p>\n<p>&nbsp;<\/p>\n<p>F: La Hora.<\/p>\n<p>&nbsp;<\/p>\n<p>&nbsp;<\/p>\n<p>#RadioLife #LifeFM #LifeNoticias #Babahoyo #Violencia #995<\/p>\n","protected":false},"excerpt":{"rendered":"<p>Ante tantos hechos violentos que se efect\u00faan en Babahoyo, la Iglesia Cat\u00f3lica realizar\u00e1 una marcha en la ciudad. Este s\u00e1bado 7 de septiembre, en la ciudad de Babahoyo se llevar\u00e1 a cabo una marcha por la paz. El evento lo efect\u00faa la\u00a0Iglesia Cat\u00f3lica\u00a0de la ciudad como una de las actividades que se tiene previsto para\u00a0homenajear [&hellip;]<\/p>\n","protected":false},"author":1,"featured_media":8608,"comment_status":"open","ping_status":"closed","sticky":false,"template":"","format":"standard","meta":{"footnotes":""},"categories":[27,28],"tags":[],"class_list":["post-8607","post","type-post","status-publish","format-standard","has-post-thumbnail","hentry","category-local","category-noticias"],"_links":{"self":[{"href":"https:\/\/lifefm.ec\/index.php\/wp-json\/wp\/v2\/posts\/8607","targetHints":{"allow":["GET"]}}],"collection":[{"href":"https:\/\/lifefm.ec\/index.php\/wp-json\/wp\/v2\/posts"}],"about":[{"href":"https:\/\/lifefm.ec\/index.php\/wp-json\/wp\/v2\/types\/post"}],"author":[{"embeddable":true,"href":"https:\/\/lifefm.ec\/index.php\/wp-json\/wp\/v2\/users\/1"}],"replies":[{"embeddable":true,"href":"https:\/\/lifefm.ec\/index.php\/wp-json\/wp\/v2\/comments?post=8607"}],"version-history":[{"count":1,"href":"https:\/\/lifefm.ec\/index.php\/wp-json\/wp\/v2\/posts\/8607\/revisions"}],"predecessor-version":[{"id":8609,"href":"https:\/\/lifefm.ec\/index.php\/wp-json\/wp\/v2\/posts\/8607\/revisions\/8609"}],"wp:featuredmedia":[{"embeddable":true,"href":"https:\/\/lifefm.ec\/index.php\/wp-json\/wp\/v2\/media\/8608"}],"wp:attachment":[{"href":"https:\/\/lifefm.ec\/index.php\/wp-json\/wp\/v2\/media?parent=8607"}],"wp:term":[{"taxonomy":"category","embeddable":true,"href":"https:\/\/lifefm.ec\/index.php\/wp-json\/wp\/v2\/categories?post=8607"},{"taxonomy":"post_tag","embeddable":true,"href":"https:\/\/lifefm.ec\/index.php\/wp-json\/wp\/v2\/tags?post=8607"}],"curies":[{"name":"wp","href":"https:\/\/api.w.org\/{rel}","templated":true}]}}