{"id":8585,"date":"2024-09-05T17:23:48","date_gmt":"2024-09-05T22:23:48","guid":{"rendered":"https:\/\/lifefm.ec\/?p=8585"},"modified":"2024-09-05T17:23:48","modified_gmt":"2024-09-05T22:23:48","slug":"abogado-de-edmundo-gonzalez-pide-que-se-respete-la-presuncion-de-inocencia-del-opositor","status":"publish","type":"post","link":"https:\/\/lifefm.ec\/index.php\/2024\/09\/05\/abogado-de-edmundo-gonzalez-pide-que-se-respete-la-presuncion-de-inocencia-del-opositor\/","title":{"rendered":"ABOGADO DE EDMUNDO GONZ\u00c1LEZ PIDE QUE SE RESPETE LA PRESUNCI\u00d3N DE INOCENCIA DEL OPOSITOR"},"content":{"rendered":"<blockquote><p>Jos\u00e9 Vicente Haro, abogado del opositor Edmundo Gonz\u00e1lez Urrutia, sostiene un documento frente a periodistas a su salida de la Fiscal\u00eda<\/p><\/blockquote>\n<p>&nbsp;<\/p>\n<p>La defensa del l\u00edder opositor Edmundo Gonz\u00e1lez Urrutia, entreg\u00f3 este 4 de septiembre a la Fiscal\u00eda de Venezuela un documento en el que se solicita respeto a \u00abla presunci\u00f3n de inocencia\u00bb y las \u00abgarant\u00edas procesales\u00bb.<\/p>\n<p>&nbsp;<\/p>\n<p>El abogado Jos\u00e9 Vicente Haro, asegur\u00f3 estos dos principios \u00abno estuvieron presentes\u00bb en las tres citaciones emitidas por la instituci\u00f3n, que investiga al antichavista.<\/p>\n<p>&nbsp;<\/p>\n<p>En una declaraci\u00f3n ante medios de comunicaci\u00f3n,\u00a0 abogado dijo que \u00abel objetivo fue cumplido\u00bb, pues la idea era \u00abobtener un acuse de recibo efectivo\u00bb y establecer \u00abformalmente\u00bb ante la Fiscal\u00eda \u00ablas razones\u00bb por las que Gonz\u00e1lez Urrutia \u00abno compareci\u00f3\u00bb tras las citaciones, por lo cual un tribunal emiti\u00f3 una orden de captura.<\/p>\n<p>En el documento, entregado por Haro y firmado por Gonz\u00e1lez Urrutia, se expresa que la \u00abincomparecencia\u00bb no \u00abobedece en absoluto al desconocimiento de la institucionalidad jurisdiccional prevista en la Constituci\u00f3n\u00bb, sino \u00abal convencimiento de la falta de fundamento de tales citaciones\u00bb.<\/p>\n<p>&nbsp;<\/p>\n<p>\u00abEstimo que tal comparecencia solo podr\u00eda contribuir a intensificar a\u00fan m\u00e1s la tensi\u00f3n social, adem\u00e1s de consolidar un contexto de judicializaci\u00f3n incriminatoria de la pol\u00edtica que todos debemos rechazar\u00bb, expres\u00f3 el opositor a trav\u00e9s del escrito.<\/p>\n<p>&nbsp;<\/p>\n<p>Condena anticipada<\/p>\n<p>En las \u00faltimas semanas -prosigue el texto- se \u00abhan emitido declaraciones p\u00fablicas de altos voceros gubernamentales y de otras instituciones del Estado\u00bb que lo \u00abcondenan por anticipado y (&#8230;) sin fundamento\u00bb.<\/p>\n<p>&nbsp;<\/p>\n<p>Al antichavista se le acusa de \u00abusurpaci\u00f3n de funciones\u00bb y \u00abforjamiento de documento p\u00fablico\u00bb, entre otros delitos, luego de que su coalici\u00f3n divulgara \u00abel 83,5 % de las actas electorales\u00bb recabadas por testigos y miembros de mesa para sustentar su denuncia de fraude en las presidenciales del 28 de julio, cuyo resultado oficial otorg\u00f3 la reelecci\u00f3n a Nicol\u00e1s Maduro.<\/p>\n<p>Gonz\u00e1lez Urrutia aclar\u00f3 en el documento que no era su responsabilidad \u00abla digitalizaci\u00f3n, resguardo y publicaci\u00f3n de los ejemplares de las actas de escrutinio\u00bb que recibieron los \u00abtestigos en las mesas de votaci\u00f3n\u00bb.<\/p>\n<p>&nbsp;<\/p>\n<p>Sin embargo, no considera que se \u00abhan usurpado funciones del Consejo Nacional Electoral\u00bb, ya que la entrega de actas a los testigos se contempla en el sistema venezolano \u00abcomo una de sus garant\u00edas de confiabilidad\u00bb.<\/p>\n<p>&nbsp;<\/p>\n<p>Haro, que entreg\u00f3 el documento en una reuni\u00f3n con el fiscal general, Tarek William Saab, abord\u00f3 el encuentro desde \u00abel punto de vista jur\u00eddico\u00bb y manifest\u00f3 que \u00ablas declaraciones de car\u00e1cter pol\u00edtico\u00bb ser\u00e1n \u00abdadas en su oportunidad\u00bb por la coalici\u00f3n opositora.<\/p>\n<p>&nbsp;<\/p>\n<p>Por su parte, Saab, que se refiri\u00f3 a Gonz\u00e1lez Urrutia como el \u00abrequerido por la Justicia\u00bb y el \u00absolicitado por la ley\u00bb, inform\u00f3 que este jueves dar\u00e1 a conocer \u00abtoda la verdad\u00bb, sin m\u00e1s detalles.<\/p>\n<p>F: PRIMICIAS<\/p>\n<p>#RadioLife #LifeFM #LifeNoticias #LifeEntretenimiento #995<\/p>\n","protected":false},"excerpt":{"rendered":"<p>Jos\u00e9 Vicente Haro, abogado del opositor Edmundo Gonz\u00e1lez Urrutia, sostiene un documento frente a periodistas a su salida de la Fiscal\u00eda &nbsp; La defensa del l\u00edder opositor Edmundo Gonz\u00e1lez Urrutia, entreg\u00f3 este 4 de septiembre a la Fiscal\u00eda de Venezuela un documento en el que se solicita respeto a \u00abla presunci\u00f3n de inocencia\u00bb y las [&hellip;]<\/p>\n","protected":false},"author":1,"featured_media":8586,"comment_status":"open","ping_status":"closed","sticky":false,"template":"","format":"standard","meta":{"footnotes":""},"categories":[23,28],"tags":[],"class_list":["post-8585","post","type-post","status-publish","format-standard","has-post-thumbnail","hentry","category-el-mundo","category-noticias"],"_links":{"self":[{"href":"https:\/\/lifefm.ec\/index.php\/wp-json\/wp\/v2\/posts\/8585","targetHints":{"allow":["GET"]}}],"collection":[{"href":"https:\/\/lifefm.ec\/index.php\/wp-json\/wp\/v2\/posts"}],"about":[{"href":"https:\/\/lifefm.ec\/index.php\/wp-json\/wp\/v2\/types\/post"}],"author":[{"embeddable":true,"href":"https:\/\/lifefm.ec\/index.php\/wp-json\/wp\/v2\/users\/1"}],"replies":[{"embeddable":true,"href":"https:\/\/lifefm.ec\/index.php\/wp-json\/wp\/v2\/comments?post=8585"}],"version-history":[{"count":1,"href":"https:\/\/lifefm.ec\/index.php\/wp-json\/wp\/v2\/posts\/8585\/revisions"}],"predecessor-version":[{"id":8587,"href":"https:\/\/lifefm.ec\/index.php\/wp-json\/wp\/v2\/posts\/8585\/revisions\/8587"}],"wp:featuredmedia":[{"embeddable":true,"href":"https:\/\/lifefm.ec\/index.php\/wp-json\/wp\/v2\/media\/8586"}],"wp:attachment":[{"href":"https:\/\/lifefm.ec\/index.php\/wp-json\/wp\/v2\/media?parent=8585"}],"wp:term":[{"taxonomy":"category","embeddable":true,"href":"https:\/\/lifefm.ec\/index.php\/wp-json\/wp\/v2\/categories?post=8585"},{"taxonomy":"post_tag","embeddable":true,"href":"https:\/\/lifefm.ec\/index.php\/wp-json\/wp\/v2\/tags?post=8585"}],"curies":[{"name":"wp","href":"https:\/\/api.w.org\/{rel}","templated":true}]}}