{"id":8565,"date":"2024-09-05T17:07:32","date_gmt":"2024-09-05T22:07:32","guid":{"rendered":"https:\/\/lifefm.ec\/?p=8565"},"modified":"2024-09-05T17:07:32","modified_gmt":"2024-09-05T22:07:32","slug":"michel-barnier-el-nuevo-primer-ministro-de-francia-que-fue-negociador-del-brexit","status":"publish","type":"post","link":"https:\/\/lifefm.ec\/index.php\/2024\/09\/05\/michel-barnier-el-nuevo-primer-ministro-de-francia-que-fue-negociador-del-brexit\/","title":{"rendered":"MICHEL BARNIER : EL NUEVO PRIMER MINISTRO DE FRANCIA QUE FUE NEGOCIADOR DEL BREXIT"},"content":{"rendered":"<blockquote><p>El pol\u00edtico franc\u00e9s, ex negociador en jefe de la Uni\u00f3n Europea y ahora nuevo primer ministro de Francia<\/p><\/blockquote>\n<p>&nbsp;<\/p>\n<p>El presidente franc\u00e9s, Emmanuel Macron, nombr\u00f3 este jueves al exnegociador europeo del Brexit, el derechista Michel Barnier, como nuevo primer ministro en Francia, cuya primera misi\u00f3n ser\u00e1 lograr una mayor\u00eda que evite su r\u00e1pida censura en un dividido Parlamento. Meses despu\u00e9s desde que inici\u00f3 una fase de inestabilidad en el gobierno galo.<\/p>\n<p>&nbsp;<\/p>\n<p>Tras una reuni\u00f3n entre ambos en el Palacio del El\u00edseo en Par\u00eds, la presidencia francesa anunci\u00f3 que Macron le encarg\u00f3 a Barnier la \u00abformaci\u00f3n de un gobierno de unidad\u00bb, al t\u00e9rmino de semanas de consultas \u00absin precedentes\u00bb para garantizar un nombramiento \u00ablo m\u00e1s estable posible\u00bb.<\/p>\n<p>&nbsp;<\/p>\n<p>El presidente de centroderecha abri\u00f3 una crisis pol\u00edtica en Francia con el adelanto en junio de 2024 de las elecciones legislativas previstas en 2027, que dejaron una Asamblea Nacional (c\u00e1mara baja) con tres principales bloques, todos lejos de la mayor\u00eda absoluta.<\/p>\n<p>El nombramiento de Barnier, se produce \u00abtras un ciclo in\u00e9dito de consultas\u00bb en las que el presidente \u00abse ha asegurado de que el primer ministro y el pr\u00f3ximo Gobierno reunir\u00edan las condiciones para tener la mayor estabilidad posible\u00bb.<\/p>\n<p>&nbsp;<\/p>\n<p>Barnier fue seleccionado por Macron despu\u00e9s de que otras figuras que hab\u00eda barajado anteriormente se hab\u00edan topado con los vetos de la izquierda y de la ultraderecha, que son dos de los tres grandes bloques en la actual Asamblea Nacional.<\/p>\n<p>Negociador durante el Brexit<\/p>\n<p>El nuevo primer ministro tiene una amplia experiencia pol\u00edtica en Francia y en las instituciones de la Uni\u00f3n Europea.<\/p>\n<p>&nbsp;<\/p>\n<p>Su \u00faltimo cargo fue el de negociador europeo para el Brexit entre 2016 y 2021, despu\u00e9s de haber sido comisario europeo en dos ocasiones: Mercado Interior (2010-14) y Pol\u00edtica Regional (1999-2004).<\/p>\n<p>Fue ministro de Exteriores entre 2004-05 durante la presidencia de Jacques Chirac, y de Agricultura entre 2007-09 con Nicolas Sarkozy en el El\u00edseo, y antes lo hab\u00eda sido de Medio Ambiente y de Asuntos Europeos.<\/p>\n<p>F: PRIMICIAS<\/p>\n<p>#RadioLife #LifeFM #LifeNoticias #LifeEntretenimiento #995<\/p>\n","protected":false},"excerpt":{"rendered":"<p>El pol\u00edtico franc\u00e9s, ex negociador en jefe de la Uni\u00f3n Europea y ahora nuevo primer ministro de Francia &nbsp; El presidente franc\u00e9s, Emmanuel Macron, nombr\u00f3 este jueves al exnegociador europeo del Brexit, el derechista Michel Barnier, como nuevo primer ministro en Francia, cuya primera misi\u00f3n ser\u00e1 lograr una mayor\u00eda que evite su r\u00e1pida censura en [&hellip;]<\/p>\n","protected":false},"author":1,"featured_media":8567,"comment_status":"open","ping_status":"closed","sticky":false,"template":"","format":"standard","meta":{"footnotes":""},"categories":[23,28],"tags":[],"class_list":["post-8565","post","type-post","status-publish","format-standard","has-post-thumbnail","hentry","category-el-mundo","category-noticias"],"_links":{"self":[{"href":"https:\/\/lifefm.ec\/index.php\/wp-json\/wp\/v2\/posts\/8565","targetHints":{"allow":["GET"]}}],"collection":[{"href":"https:\/\/lifefm.ec\/index.php\/wp-json\/wp\/v2\/posts"}],"about":[{"href":"https:\/\/lifefm.ec\/index.php\/wp-json\/wp\/v2\/types\/post"}],"author":[{"embeddable":true,"href":"https:\/\/lifefm.ec\/index.php\/wp-json\/wp\/v2\/users\/1"}],"replies":[{"embeddable":true,"href":"https:\/\/lifefm.ec\/index.php\/wp-json\/wp\/v2\/comments?post=8565"}],"version-history":[{"count":1,"href":"https:\/\/lifefm.ec\/index.php\/wp-json\/wp\/v2\/posts\/8565\/revisions"}],"predecessor-version":[{"id":8568,"href":"https:\/\/lifefm.ec\/index.php\/wp-json\/wp\/v2\/posts\/8565\/revisions\/8568"}],"wp:featuredmedia":[{"embeddable":true,"href":"https:\/\/lifefm.ec\/index.php\/wp-json\/wp\/v2\/media\/8567"}],"wp:attachment":[{"href":"https:\/\/lifefm.ec\/index.php\/wp-json\/wp\/v2\/media?parent=8565"}],"wp:term":[{"taxonomy":"category","embeddable":true,"href":"https:\/\/lifefm.ec\/index.php\/wp-json\/wp\/v2\/categories?post=8565"},{"taxonomy":"post_tag","embeddable":true,"href":"https:\/\/lifefm.ec\/index.php\/wp-json\/wp\/v2\/tags?post=8565"}],"curies":[{"name":"wp","href":"https:\/\/api.w.org\/{rel}","templated":true}]}}