{"id":7782,"date":"2024-08-28T10:28:14","date_gmt":"2024-08-28T15:28:14","guid":{"rendered":"https:\/\/lifefm.ec\/?p=7782"},"modified":"2024-08-28T10:28:14","modified_gmt":"2024-08-28T15:28:14","slug":"cuatro-militares-aprehendidos-acusados-de-custodiar-con-material-minero-fueron-liberados","status":"publish","type":"post","link":"https:\/\/lifefm.ec\/index.php\/2024\/08\/28\/cuatro-militares-aprehendidos-acusados-de-custodiar-con-material-minero-fueron-liberados\/","title":{"rendered":"CUATRO MILITARES APREHENDIDOS ACUSADOS DE CUSTODIAR CON MATERIAL MINERO  FUERON LIBERADOS"},"content":{"rendered":"<p>La Subzona de Polic\u00eda de Imbabura asegura que fueron retenidos en flagrancia, pero en el Grupo de Caballer\u00eda Yaguachi de Ibarra dicen que el arresto fue ilegal.<!--more--><\/p>\n<p class=\"prose-text\" data-mrf-recirculation=\"Links article\">En medio de dos versiones se inform\u00f3 sobre un operativo contra la miner\u00eda ilegal desarrollado en el sector de Buenos Aires, cant\u00f3n Urcuqu\u00ed, provincia de Imbabura, en el que fueron aprehendidas catorce personas, entre las que constan cuatro militares (un teniente coronel y tres cabos) de una unidad de la provincia de Esmeraldas.<\/p>\n<p class=\"prose-text\" data-mrf-recirculation=\"Links article\">En la Subzona de Polic\u00eda de Imbabura confirmaron que en la referida acci\u00f3n fueron aprehendidos cuatro uniformados, incluido un alto oficial. Sin embargo, en el Grupo de Caballer\u00eda Yaguachi aclararon que se trat\u00f3 de una equivocaci\u00f3n, ya que los uniformados desarrollaban una operaci\u00f3n en ese lugar.<\/p>\n<p data-mrf-recirculation=\"Links article\">Ricardo Manitio, comandante de la Subzona de Polic\u00eda Imbabura, en rueda de prensa indic\u00f3 que el lunes 26 de agosto a las 03:00 detuvieron a catorce ciudadanos, entre los que constaban los cuatro militares, todos acusados por el presunto delito de actividad il\u00edcita de recursos mineros.<\/p>\n<p class=\"prose-text\" data-mrf-recirculation=\"Links article\">La autoridad policial dijo que los uniformados estar\u00edan involucrados en el presunto delito de transporte ilegal de material aur\u00edfero que realizaban en el momento de la detenci\u00f3n desde las minas de Buenos Aires.<\/p>\n<div class=\"inline-element\">\n<div>\n<div id=\"active-campaing-form-marcador\"><\/div>\n<\/div>\n<\/div>\n<p class=\"prose-text\" data-mrf-recirculation=\"Links article\">En la operaci\u00f3n fueron inmovilizados tres camiones, una camioneta, diez celulares, 600 sacos de yute con presunto material mineralizado triturado con un peso de 45 kilogramos.<\/p>\n<p class=\"prose-text\" data-mrf-recirculation=\"Links article\">Adem\u00e1s, 80 sacos de yute a granel en un compartimiento, tres fusiles, cuatro pistolas, siete cargadores 5,56, cuatro cargadores de pistola de 9 mm, 44 cartuchos de 9 mm y 256 cartuchos 5,56 mm.<\/p>\n<p class=\"prose-text\" data-mrf-recirculation=\"Links article\">Seg\u00fan Manitio, la Polic\u00eda actu\u00f3 en flagrancia y el personal militar activo aprehendido no demostr\u00f3 si realizaba un trabajo planificado en ese sitio.<\/p>\n<p data-mrf-recirculation=\"Links article\">F: EL UNIVERSO<\/p>\n","protected":false},"excerpt":{"rendered":"<p>La Subzona de Polic\u00eda de Imbabura asegura que fueron retenidos en flagrancia, pero en el Grupo de Caballer\u00eda Yaguachi de Ibarra dicen que el arresto fue ilegal.<\/p>\n","protected":false},"author":1,"featured_media":7785,"comment_status":"open","ping_status":"closed","sticky":false,"template":"","format":"standard","meta":{"footnotes":""},"categories":[28],"tags":[],"class_list":["post-7782","post","type-post","status-publish","format-standard","has-post-thumbnail","hentry","category-noticias"],"_links":{"self":[{"href":"https:\/\/lifefm.ec\/index.php\/wp-json\/wp\/v2\/posts\/7782","targetHints":{"allow":["GET"]}}],"collection":[{"href":"https:\/\/lifefm.ec\/index.php\/wp-json\/wp\/v2\/posts"}],"about":[{"href":"https:\/\/lifefm.ec\/index.php\/wp-json\/wp\/v2\/types\/post"}],"author":[{"embeddable":true,"href":"https:\/\/lifefm.ec\/index.php\/wp-json\/wp\/v2\/users\/1"}],"replies":[{"embeddable":true,"href":"https:\/\/lifefm.ec\/index.php\/wp-json\/wp\/v2\/comments?post=7782"}],"version-history":[{"count":1,"href":"https:\/\/lifefm.ec\/index.php\/wp-json\/wp\/v2\/posts\/7782\/revisions"}],"predecessor-version":[{"id":7787,"href":"https:\/\/lifefm.ec\/index.php\/wp-json\/wp\/v2\/posts\/7782\/revisions\/7787"}],"wp:featuredmedia":[{"embeddable":true,"href":"https:\/\/lifefm.ec\/index.php\/wp-json\/wp\/v2\/media\/7785"}],"wp:attachment":[{"href":"https:\/\/lifefm.ec\/index.php\/wp-json\/wp\/v2\/media?parent=7782"}],"wp:term":[{"taxonomy":"category","embeddable":true,"href":"https:\/\/lifefm.ec\/index.php\/wp-json\/wp\/v2\/categories?post=7782"},{"taxonomy":"post_tag","embeddable":true,"href":"https:\/\/lifefm.ec\/index.php\/wp-json\/wp\/v2\/tags?post=7782"}],"curies":[{"name":"wp","href":"https:\/\/api.w.org\/{rel}","templated":true}]}}