{"id":7780,"date":"2024-08-28T10:21:54","date_gmt":"2024-08-28T15:21:54","guid":{"rendered":"https:\/\/lifefm.ec\/?p=7780"},"modified":"2024-08-28T10:21:54","modified_gmt":"2024-08-28T15:21:54","slug":"javier-milei-publica-el-trailer-de-la-serie-sobre-su-llegada-a-la-presidencia-argentina","status":"publish","type":"post","link":"https:\/\/lifefm.ec\/index.php\/2024\/08\/28\/javier-milei-publica-el-trailer-de-la-serie-sobre-su-llegada-a-la-presidencia-argentina\/","title":{"rendered":"JAVIER MILEI PUBLICA EL TR\u00c1ILER DE LA SERIE SOBRE SU LLEGADA A LA PRESIDENCIA ARGENTINA"},"content":{"rendered":"<blockquote><p>Los episodios se estrenar\u00e1n en la red social X.<\/p><\/blockquote>\n<p>&nbsp;<\/p>\n<p class=\"prose-text\" data-mrf-recirculation=\"Links article\">El presidente de<a href=\"https:\/\/www.eluniverso.com\/temas\/argentina\/\" target=\"_blank\" rel=\"noopener\" data-mrf-link=\"https:\/\/www.eluniverso.com\/temas\/argentina\/\">\u00a0Argentina<\/a>, Javier Milei, anunci\u00f3 este martes que\u00a0estrenar\u00e1 una serie sobre su llegada a la Presidencia del pa\u00eds y que se transmitir\u00e1 en la red social X.<\/p>\n<p class=\"prose-text\" data-mrf-recirculation=\"Links article\">El mandatario ultraliberal comunic\u00f3\u00a0el estreno de su \u201cdocuserie\u201d mediante un tr\u00e1iler\u00a0que muestra im\u00e1genes de algunos de sus actos de campa\u00f1a y explosivas presentaciones en canales de televisi\u00f3n durante los \u00faltimos a\u00f1os.<\/p>\n<p class=\"prose-text\" data-mrf-recirculation=\"Links article\">Los episodios de la serie, que\u00a0a\u00fan no tiene fecha de estreno\u00a0y que ser\u00e1 dirigida por el director de Realizaci\u00f3n Audiovisual de la Presidencia, Santiago Or\u00eda,\u00a0ser\u00e1n publicados en una cuenta de X llamada Milei &#8211; La Serie, que promociona la producci\u00f3n con el eslogan\u00a0\u201cDe cero a presidente. El fen\u00f3meno que cautiva al mundo\u201d.<\/p>\n<p class=\"prose-text\" data-mrf-recirculation=\"Links article\">\u201cSe viene la serie\u201d, escribi\u00f3 el\u00a0<a href=\"https:\/\/www.eluniverso.com\/temas\/javier-milei\/\" target=\"_blank\" rel=\"noopener\" data-mrf-link=\"https:\/\/www.eluniverso.com\/temas\/javier-milei\/\">mandatario<\/a>\u00a0en su perfil de X, donde difundi\u00f3 adem\u00e1s el tr\u00e1iler, que en pocos minutos tuvo miles de reposteos.<\/p>\n<p class=\"prose-text\" data-mrf-recirculation=\"Links article\">La etiqueta #LaSeriedeMilei se convirti\u00f3 r\u00e1pidamente en tendencia en Argentina.<\/p>\n<div class=\"inline-element\">\n<div>\n<div id=\"active-campaing-form-marcador\"><\/div>\n<\/div>\n<\/div>\n<p data-mrf-recirculation=\"Links article\"><a class=\"break-words\" href=\"https:\/\/www.eluniverso.com\/noticias\/internacional\/dictador-maduro-afuera-dice-javier-milei-ante-la-espera-de-resultados-en-venezuela-nota\/\" data-mrf-link=\"https:\/\/www.eluniverso.com\/noticias\/internacional\/dictador-maduro-afuera-dice-javier-milei-ante-la-espera-de-resultados-en-venezuela-nota\/\">\u201c\u00a1Dictador Maduro, afuera!\u201d, dice Javier Milei ante la espera de resultados en Venezuela<\/a><\/p>\n<p class=\"prose-text\" data-mrf-recirculation=\"Links article\">El tr\u00e1iler, que dura 1:41 minutos,\u00a0muestra numerosos cortes de entrevistas televisivas del pol\u00edtico libertario y fragmentos de discursos en los que se define como una estrella de rock,\u00a0ataca a sus contrincantes en debates, acusa a los opositores de \u201cladrones empobrecedores\u201d y los acusa de \u201czurdos hijos de puta\u201d.<\/p>\n<div class=\"inline-element\">\n<div>\n<div id=\"active-campaing-form\"><\/div>\n<\/div>\n<\/div>\n<p class=\"prose-text\" data-mrf-recirculation=\"Links article\">El adelanto est\u00e1 acompa\u00f1ado de una tensa m\u00fasica de fondo y re\u00fane m\u00faltiples planos de un Milei enfervorizado y rodeado de seguidores durante la campa\u00f1a electoral que le llev\u00f3 al triunfo en noviembre pasado.<\/p>\n<p class=\"prose-text\" data-mrf-recirculation=\"Links article\">El anuncio da a entender que\u00a0la serie se centrar\u00e1 \u00fanicamente en la llegada del pol\u00edtico ultraliberal a la Casa Rosada (sede de Gobierno) y no en los primeros meses de su mandato,\u00a0que comenz\u00f3 el 10 de diciembre de 2023, tras vencer en la segunda vuelta al candidato peronista y por entonces ministro de Econom\u00eda, Sergio Massa.<\/p>\n<p class=\"prose-text\" data-mrf-recirculation=\"Links article\">Desde su llegada al Ejecutivo, tanto Milei como quienes lo acompa\u00f1an en el Gobierno han utilizado la red social propiedad del empresario Elon Musk como su principal v\u00eda de comunicaci\u00f3n.<\/p>\n<p class=\"prose-text\" data-mrf-recirculation=\"Links article\">Este mes, celebr\u00f3 los cambios en esta red social implementados por Musk desde su adquisici\u00f3n, que dijo permitieron \u201clibertad plena\u201d en la plataforma.<\/p>\n<p data-mrf-recirculation=\"Links article\">\n<p data-mrf-recirculation=\"Links article\">F: EL UNIVERSO<\/p>\n","protected":false},"excerpt":{"rendered":"<p>Los episodios se estrenar\u00e1n en la red social X. &nbsp; El presidente de\u00a0Argentina, Javier Milei, anunci\u00f3 este martes que\u00a0estrenar\u00e1 una serie sobre su llegada a la Presidencia del pa\u00eds y que se transmitir\u00e1 en la red social X. El mandatario ultraliberal comunic\u00f3\u00a0el estreno de su \u201cdocuserie\u201d mediante un tr\u00e1iler\u00a0que muestra im\u00e1genes de algunos de sus [&hellip;]<\/p>\n","protected":false},"author":1,"featured_media":7781,"comment_status":"open","ping_status":"closed","sticky":false,"template":"","format":"standard","meta":{"footnotes":""},"categories":[26],"tags":[],"class_list":["post-7780","post","type-post","status-publish","format-standard","has-post-thumbnail","hentry","category-entretenimiento"],"_links":{"self":[{"href":"https:\/\/lifefm.ec\/index.php\/wp-json\/wp\/v2\/posts\/7780","targetHints":{"allow":["GET"]}}],"collection":[{"href":"https:\/\/lifefm.ec\/index.php\/wp-json\/wp\/v2\/posts"}],"about":[{"href":"https:\/\/lifefm.ec\/index.php\/wp-json\/wp\/v2\/types\/post"}],"author":[{"embeddable":true,"href":"https:\/\/lifefm.ec\/index.php\/wp-json\/wp\/v2\/users\/1"}],"replies":[{"embeddable":true,"href":"https:\/\/lifefm.ec\/index.php\/wp-json\/wp\/v2\/comments?post=7780"}],"version-history":[{"count":1,"href":"https:\/\/lifefm.ec\/index.php\/wp-json\/wp\/v2\/posts\/7780\/revisions"}],"predecessor-version":[{"id":7784,"href":"https:\/\/lifefm.ec\/index.php\/wp-json\/wp\/v2\/posts\/7780\/revisions\/7784"}],"wp:featuredmedia":[{"embeddable":true,"href":"https:\/\/lifefm.ec\/index.php\/wp-json\/wp\/v2\/media\/7781"}],"wp:attachment":[{"href":"https:\/\/lifefm.ec\/index.php\/wp-json\/wp\/v2\/media?parent=7780"}],"wp:term":[{"taxonomy":"category","embeddable":true,"href":"https:\/\/lifefm.ec\/index.php\/wp-json\/wp\/v2\/categories?post=7780"},{"taxonomy":"post_tag","embeddable":true,"href":"https:\/\/lifefm.ec\/index.php\/wp-json\/wp\/v2\/tags?post=7780"}],"curies":[{"name":"wp","href":"https:\/\/api.w.org\/{rel}","templated":true}]}}