{"id":7776,"date":"2024-08-28T10:12:08","date_gmt":"2024-08-28T15:12:08","guid":{"rendered":"https:\/\/lifefm.ec\/?p=7776"},"modified":"2024-08-28T10:12:08","modified_gmt":"2024-08-28T15:12:08","slug":"capturan-en-guayaquil-al-profugo-mas-buscado-de-chimborazo","status":"publish","type":"post","link":"https:\/\/lifefm.ec\/index.php\/2024\/08\/28\/capturan-en-guayaquil-al-profugo-mas-buscado-de-chimborazo\/","title":{"rendered":"CAPTURAN EN GUAYAQUIL AL PR\u00d3FUGO M\u00c1S BUSCADO DE CHIMBORAZO"},"content":{"rendered":"<p>El ciudadano est\u00e1 vinculado al delito de asesinato, ocurrido en octubre de 2013.<br \/>\n<!--more--><\/p>\n<p class=\"prose-text\" data-mrf-recirculation=\"Links article\">La Polic\u00eda Nacional inform\u00f3 sobre la captura de Darwin U., considerado el primer m\u00e1s buscado de la provincia de Chimborazo. La detenci\u00f3n se produjo en el sector de Portete, en la ciudad de Guayaquil, tras una labor investigativa.<\/p>\n<p class=\"prose-text\" data-mrf-recirculation=\"Links article\">Darwin U. estaba pr\u00f3fugo de la justicia desde el 29 de octubre de 2013, fecha en la que se le imputa la comisi\u00f3n de un asesinato en la provincia de Chimborazo.<\/p>\n<p class=\"prose-text\" data-mrf-recirculation=\"Links article\">\nEl caso, catalogado como delito de acci\u00f3n p\u00fablica, culmin\u00f3 con una sentencia de doce a\u00f1os y seis meses de reclusi\u00f3n, que el ahora detenido no hab\u00eda cumplido hasta la fecha.<\/p>\n<p data-mrf-recirculation=\"Links article\">A pesar de que el crimen se cometi\u00f3 en Chimborazo, la detenci\u00f3n se realiz\u00f3 en Guayaquil. Se ubic\u00f3 al ciudadano por las operaciones de b\u00fasqueda a nivel nacional.<\/p>\n<p>Seg\u00fan inform\u00f3 la Polic\u00eda Nacional, el detenido ser\u00e1 trasladado y puesto a disposici\u00f3n de las autoridades competentes para que cumpla la sentencia impuesta hace m\u00e1s de una d\u00e9cada.<\/p>\n<div class=\"inline-element\">\n<div>\n<div id=\"active-campaing-form-marcador\">Las autoridades contin\u00faan instando a la ciudadan\u00eda a colaborar con informaci\u00f3n que pueda llevar a la captura de otros individuos buscados por la justicia, el n\u00famero para denuncias es 131 o 1800-DELITO. Las autoridades han asegurado la reserva de los denunciantes.<\/div>\n<\/div>\n<\/div>\n","protected":false},"excerpt":{"rendered":"<p>El ciudadano est\u00e1 vinculado al delito de asesinato, ocurrido en octubre de 2013.<\/p>\n","protected":false},"author":1,"featured_media":7777,"comment_status":"open","ping_status":"closed","sticky":false,"template":"","format":"standard","meta":{"footnotes":""},"categories":[28],"tags":[],"class_list":["post-7776","post","type-post","status-publish","format-standard","has-post-thumbnail","hentry","category-noticias"],"_links":{"self":[{"href":"https:\/\/lifefm.ec\/index.php\/wp-json\/wp\/v2\/posts\/7776","targetHints":{"allow":["GET"]}}],"collection":[{"href":"https:\/\/lifefm.ec\/index.php\/wp-json\/wp\/v2\/posts"}],"about":[{"href":"https:\/\/lifefm.ec\/index.php\/wp-json\/wp\/v2\/types\/post"}],"author":[{"embeddable":true,"href":"https:\/\/lifefm.ec\/index.php\/wp-json\/wp\/v2\/users\/1"}],"replies":[{"embeddable":true,"href":"https:\/\/lifefm.ec\/index.php\/wp-json\/wp\/v2\/comments?post=7776"}],"version-history":[{"count":1,"href":"https:\/\/lifefm.ec\/index.php\/wp-json\/wp\/v2\/posts\/7776\/revisions"}],"predecessor-version":[{"id":7778,"href":"https:\/\/lifefm.ec\/index.php\/wp-json\/wp\/v2\/posts\/7776\/revisions\/7778"}],"wp:featuredmedia":[{"embeddable":true,"href":"https:\/\/lifefm.ec\/index.php\/wp-json\/wp\/v2\/media\/7777"}],"wp:attachment":[{"href":"https:\/\/lifefm.ec\/index.php\/wp-json\/wp\/v2\/media?parent=7776"}],"wp:term":[{"taxonomy":"category","embeddable":true,"href":"https:\/\/lifefm.ec\/index.php\/wp-json\/wp\/v2\/categories?post=7776"},{"taxonomy":"post_tag","embeddable":true,"href":"https:\/\/lifefm.ec\/index.php\/wp-json\/wp\/v2\/tags?post=7776"}],"curies":[{"name":"wp","href":"https:\/\/api.w.org\/{rel}","templated":true}]}}