{"id":7770,"date":"2024-08-28T10:04:26","date_gmt":"2024-08-28T15:04:26","guid":{"rendered":"https:\/\/lifefm.ec\/?p=7770"},"modified":"2024-08-28T10:04:26","modified_gmt":"2024-08-28T15:04:26","slug":"anahi-regresa-a-la-television-luego-de-casi-un-decada-de-ausencia","status":"publish","type":"post","link":"https:\/\/lifefm.ec\/index.php\/2024\/08\/28\/anahi-regresa-a-la-television-luego-de-casi-un-decada-de-ausencia\/","title":{"rendered":"ANAH\u00cd REGRESA A LA TELEVISI\u00d3N LUEGO DE CASI UN D\u00c9CADA DE AUSENCIA"},"content":{"rendered":"<blockquote><p>La int\u00e9rprete se estrenar\u00e1 como jurado de concurso.<\/p><\/blockquote>\n<p>&nbsp;<\/p>\n<p>Aunque retorn\u00f3 a los escenarios para la gira de reencuentro y despedida de\u00a0RBD\u00a0el a\u00f1o pasado, todo tiempo anterior\u00a0Anah\u00ed prefiri\u00f3 estar alejada tanto de los escenarios y de la televisi\u00f3n. Por al menos una d\u00e9cada, la artista mexicana de 41 a\u00f1os se dedic\u00f3 a otras aventuras profesionales, incluso personales, como su matrimonio con el pol\u00edtico Manuel Velasco Coello y el nacimiento de sus dos hijos.<\/p>\n<p class=\"prose-text\" data-mrf-recirculation=\"Links article\">Ahora la actriz y cantante ha dado un paso al frente en el mundo del entretenimiento y pronto saldr\u00e1 nuevamente en televisi\u00f3n. En esta ocasi\u00f3n no se trata de un proyecto de ficci\u00f3n, como una serie o telenovela (Anah\u00ed se dio a conocer mundialmente gracias a los melodramas juveniles, como\u00a0<i>Primer Amor<\/i>,\u00a0<i>Clase 406<\/i>\u00a0y\u00a0<i>Rebelde<\/i>). La int\u00e9rprete se estrenar\u00e1 como jurado del concurso\u00a0<i>\u00bfQui\u00e9n es la m\u00e1scara?<\/i>, la versi\u00f3n mexicana del\u00a0<i>reality show<\/i>\u00a0estadounidense\u00a0<i>The Masked Singer<\/i>. El programa es desarrollado por TelevisaUnivision y se emite por el canal Las Estrellas.<\/p>\n<p data-mrf-recirculation=\"Links article\"><a class=\"break-words\" href=\"https:\/\/www.eluniverso.com\/entretenimiento\/gente\/rbd-en-gira-anahi-aclara-supuesta-rivalidad-con-dulce-marua-y-maite-perroni-nota\/\" data-mrf-link=\"https:\/\/www.eluniverso.com\/entretenimiento\/gente\/rbd-en-gira-anahi-aclara-supuesta-rivalidad-con-dulce-marua-y-maite-perroni-nota\/\">RBD en gira: Anah\u00ed aclara supuesta rivalidad con Dulce Mar\u00eda y Maite Perroni<\/a><\/p>\n<p class=\"prose-text\" data-mrf-recirculation=\"Links article\">A pesar de que no se ha anunciado todav\u00eda la fecha de estreno del show, que va por su cuarta temporada, lo primero que hizo la producci\u00f3n fue confirmar a la querida \u2018M\u00eda Colucci\u2019, como m\u00e1s se recuerda a Anah\u00ed.<\/p>\n<p class=\"prose-text\" data-mrf-recirculation=\"Links article\">\u201cConfirmado, no sobreviviremos por pura ansiedad ni con el nudo en la garganta porque la cantante, actriz y ahora investigadora ser\u00e1 parte de la nueva temporada de\u00a0<i>\u00bfQui\u00e9n es la m\u00e1scara?<\/i>\u00a0\u00a1Bienvenida Anah\u00ed! Muy pronto por Las Estrellas\u201d, se escribi\u00f3 desde el perfil de Instagram del programa producido este martes 27 de agosto<\/p>\n<p data-mrf-recirculation=\"Links article\">\n<p data-mrf-recirculation=\"Links article\">F: EL UNIVERSO<\/p>\n","protected":false},"excerpt":{"rendered":"<p>La int\u00e9rprete se estrenar\u00e1 como jurado de concurso. &nbsp; Aunque retorn\u00f3 a los escenarios para la gira de reencuentro y despedida de\u00a0RBD\u00a0el a\u00f1o pasado, todo tiempo anterior\u00a0Anah\u00ed prefiri\u00f3 estar alejada tanto de los escenarios y de la televisi\u00f3n. Por al menos una d\u00e9cada, la artista mexicana de 41 a\u00f1os se dedic\u00f3 a otras aventuras profesionales, [&hellip;]<\/p>\n","protected":false},"author":1,"featured_media":7772,"comment_status":"open","ping_status":"closed","sticky":false,"template":"","format":"standard","meta":{"footnotes":""},"categories":[26],"tags":[],"class_list":["post-7770","post","type-post","status-publish","format-standard","has-post-thumbnail","hentry","category-entretenimiento"],"_links":{"self":[{"href":"https:\/\/lifefm.ec\/index.php\/wp-json\/wp\/v2\/posts\/7770","targetHints":{"allow":["GET"]}}],"collection":[{"href":"https:\/\/lifefm.ec\/index.php\/wp-json\/wp\/v2\/posts"}],"about":[{"href":"https:\/\/lifefm.ec\/index.php\/wp-json\/wp\/v2\/types\/post"}],"author":[{"embeddable":true,"href":"https:\/\/lifefm.ec\/index.php\/wp-json\/wp\/v2\/users\/1"}],"replies":[{"embeddable":true,"href":"https:\/\/lifefm.ec\/index.php\/wp-json\/wp\/v2\/comments?post=7770"}],"version-history":[{"count":1,"href":"https:\/\/lifefm.ec\/index.php\/wp-json\/wp\/v2\/posts\/7770\/revisions"}],"predecessor-version":[{"id":7774,"href":"https:\/\/lifefm.ec\/index.php\/wp-json\/wp\/v2\/posts\/7770\/revisions\/7774"}],"wp:featuredmedia":[{"embeddable":true,"href":"https:\/\/lifefm.ec\/index.php\/wp-json\/wp\/v2\/media\/7772"}],"wp:attachment":[{"href":"https:\/\/lifefm.ec\/index.php\/wp-json\/wp\/v2\/media?parent=7770"}],"wp:term":[{"taxonomy":"category","embeddable":true,"href":"https:\/\/lifefm.ec\/index.php\/wp-json\/wp\/v2\/categories?post=7770"},{"taxonomy":"post_tag","embeddable":true,"href":"https:\/\/lifefm.ec\/index.php\/wp-json\/wp\/v2\/tags?post=7770"}],"curies":[{"name":"wp","href":"https:\/\/api.w.org\/{rel}","templated":true}]}}