{"id":7709,"date":"2024-08-27T10:31:45","date_gmt":"2024-08-27T15:31:45","guid":{"rendered":"https:\/\/lifefm.ec\/?p=7709"},"modified":"2024-08-27T10:31:45","modified_gmt":"2024-08-27T15:31:45","slug":"tras-discutir-con-su-pareja-y-herirla-con-un-cuchillo-un-hombre-prendio-fuego-al-departamento-donde-estaba-la-victima-con-tres-mujeres","status":"publish","type":"post","link":"https:\/\/lifefm.ec\/index.php\/2024\/08\/27\/tras-discutir-con-su-pareja-y-herirla-con-un-cuchillo-un-hombre-prendio-fuego-al-departamento-donde-estaba-la-victima-con-tres-mujeres\/","title":{"rendered":"TRAS DISCUTIR  CON SU PAREJA Y HERIRLA CON UN CUCHILLO  UN HOMBRE PRENDI\u00d3 FUEGO AL DEPARTAMENTO DONDE ESTABA LA VICTIMA CON TRES MUJERES"},"content":{"rendered":"<p class=\"prose-text\" data-mrf-recirculation=\"Links article\">Cuando los bomberos llegaron la noche del lunes 26 de agosto hasta un departamento que se incendiaba en las calles 11 y Col\u00f3n, se encontraron con cinco personas que necesitaban atenci\u00f3n m\u00e9dica.<\/p>\n<p class=\"prose-text\" data-mrf-recirculation=\"Links article\">Cuatro de ellas eran las habitantes del departamento en llamas que hab\u00edan alcanzado a salir en medio del humo, y el quinto afectado era el supuesto causante del incendio y quien las habr\u00eda atacado minutos antes.<\/p>\n<p class=\"prose-text\" data-mrf-recirculation=\"Links article\">Dos de las v\u00edctimas ten\u00edan heridas de cuchillo en las piernas. Los vecinos contaron que el sospechoso lleg\u00f3 al sector y discuti\u00f3 con su pareja, y que luego de atacarla a ella y a su cu\u00f1ada con un arma blanca, baj\u00f3 para buscar gasolina.<\/p>\n<p class=\"prose-text\" data-mrf-recirculation=\"Links article\">Al subir al departamento, el hombre habr\u00eda rociado combustible y prendido fuego al lugar con las mujeres encerradas, pero cuando hu\u00eda por un callej\u00f3n fue alcanzado por vecinos, quienes lo golpearon e incluso le dieron un martillazo en la cabeza.<\/p>\n<p class=\"prose-text\" data-mrf-recirculation=\"Links article\">Los hombres de la casaca roja actuaron de inmediato para apagar el fuego y atender a los heridos.<\/p>\n<div class=\"inline-element\">\n<div>\n<div id=\"active-campaing-form-marcador\"><\/div>\n<\/div>\n<\/div>\n<p class=\"prose-text\" data-mrf-recirculation=\"Links article\">Los bomberos contaron a <i>Ecuavisa <\/i>que no solo las mujeres apu\u00f1aladas fueron llevadas a un hospital, sino tambi\u00e9n el hombre.<\/p>\n<p class=\"prose-text\" data-mrf-recirculation=\"Links article\">Tras su recuperaci\u00f3n, el atacante ser\u00eda llevado a la Fiscal\u00eda del Cuartel Modelo para que sea sometido a la audiencia de flagrancia.<\/p>\n<p class=\"prose-text\" data-mrf-recirculation=\"Links article\">Los vecinos, indignados, piden que sea procesado por tentativa de femicidio porque comentan que, de no haber actuado r\u00e1pido, las cuatro mujeres habr\u00edan muerto carbonizadas en el departamento.<\/p>\n","protected":false},"excerpt":{"rendered":"<p>Cuando los bomberos llegaron la noche del lunes 26 de agosto hasta un departamento que se incendiaba en las calles 11 y Col\u00f3n, se encontraron con cinco personas que necesitaban atenci\u00f3n m\u00e9dica. Cuatro de ellas eran las habitantes del departamento en llamas que hab\u00edan alcanzado a salir en medio del humo, y el quinto afectado [&hellip;]<\/p>\n","protected":false},"author":1,"featured_media":7711,"comment_status":"open","ping_status":"closed","sticky":false,"template":"","format":"standard","meta":{"footnotes":""},"categories":[28],"tags":[],"class_list":["post-7709","post","type-post","status-publish","format-standard","has-post-thumbnail","hentry","category-noticias"],"_links":{"self":[{"href":"https:\/\/lifefm.ec\/index.php\/wp-json\/wp\/v2\/posts\/7709","targetHints":{"allow":["GET"]}}],"collection":[{"href":"https:\/\/lifefm.ec\/index.php\/wp-json\/wp\/v2\/posts"}],"about":[{"href":"https:\/\/lifefm.ec\/index.php\/wp-json\/wp\/v2\/types\/post"}],"author":[{"embeddable":true,"href":"https:\/\/lifefm.ec\/index.php\/wp-json\/wp\/v2\/users\/1"}],"replies":[{"embeddable":true,"href":"https:\/\/lifefm.ec\/index.php\/wp-json\/wp\/v2\/comments?post=7709"}],"version-history":[{"count":1,"href":"https:\/\/lifefm.ec\/index.php\/wp-json\/wp\/v2\/posts\/7709\/revisions"}],"predecessor-version":[{"id":7713,"href":"https:\/\/lifefm.ec\/index.php\/wp-json\/wp\/v2\/posts\/7709\/revisions\/7713"}],"wp:featuredmedia":[{"embeddable":true,"href":"https:\/\/lifefm.ec\/index.php\/wp-json\/wp\/v2\/media\/7711"}],"wp:attachment":[{"href":"https:\/\/lifefm.ec\/index.php\/wp-json\/wp\/v2\/media?parent=7709"}],"wp:term":[{"taxonomy":"category","embeddable":true,"href":"https:\/\/lifefm.ec\/index.php\/wp-json\/wp\/v2\/categories?post=7709"},{"taxonomy":"post_tag","embeddable":true,"href":"https:\/\/lifefm.ec\/index.php\/wp-json\/wp\/v2\/tags?post=7709"}],"curies":[{"name":"wp","href":"https:\/\/api.w.org\/{rel}","templated":true}]}}