{"id":7701,"date":"2024-08-27T10:14:18","date_gmt":"2024-08-27T15:14:18","guid":{"rendered":"https:\/\/lifefm.ec\/?p=7701"},"modified":"2024-08-27T10:14:18","modified_gmt":"2024-08-27T15:14:18","slug":"en-el-guasmo-un-ladron-abatido-tras-enfrentarse-con-la-policia","status":"publish","type":"post","link":"https:\/\/lifefm.ec\/index.php\/2024\/08\/27\/en-el-guasmo-un-ladron-abatido-tras-enfrentarse-con-la-policia\/","title":{"rendered":"EN EL GUASMO : UN LADR\u00d3N ABATIDO TRAS ENFRENTARSE CON LA POLIC\u00cdA"},"content":{"rendered":"<p class=\"prose-text\" data-mrf-recirculation=\"Links article\">Tras la alerta por el robo de una moto y la extorsi\u00f3n a su due\u00f1o la Polic\u00eda empez\u00f3 un operativo en el Guasmo la tarde de lunes 26 de agosto para dar con los delincuentes.<\/p>\n<p class=\"prose-text\" data-mrf-recirculation=\"Links article\">Poco despu\u00e9s, el veh\u00edculo liviano fue localizado cuando cuatro hombre iban a bordo por la cooperativa Fundaci\u00f3n de Guayaquil, en la zona de Guasmo Central.<\/p>\n<p class=\"prose-text\" data-mrf-recirculation=\"Links article\">Seg\u00fan la Polic\u00eda, al verse seguidos los sospechosos abrieron fuego y hubo una respuesta de parte de los uniformados.<\/p>\n<p class=\"prose-text\" data-mrf-recirculation=\"Links article\">Uno de los j\u00f3venes que iban en la moto cay\u00f3 herido mientras los otros corrieron y huyeron por los callejones.<\/p>\n<p class=\"prose-text\" data-mrf-recirculation=\"Links article\">El herido fue llevado de emergencia al hospital del Guasmo, donde poco despu\u00e9s se confirm\u00f3 que hab\u00eda fallecido.<\/p>\n<div class=\"inline-element\">\n<div id=\"active-campaing-form-marcador\">El occiso fue identificado como Vladimir Valencia, de 21 a\u00f1os, quien recibi\u00f3 un impacto de bala a la altura del gl\u00fateo cuando iba sentado en la moto.<\/div>\n<div>Los familiares del sospechoso abatido llegaron a la casa de salud tras enterarse del hecho. Ah\u00ed reclamaron a los polic\u00eda su actuaci\u00f3n. Admitieron que el hoy occiso s\u00ed ten\u00eda un antecedente por robo, pero aseguraron que hab\u00eda sido capturado por error y que estuvo preso y cumpli\u00f3 la pena impuesta.<\/div>\n<div><\/div>\n<div>F: EL UNIVERSO<\/div>\n<div><\/div>\n<\/div>\n","protected":false},"excerpt":{"rendered":"<p>Tras la alerta por el robo de una moto y la extorsi\u00f3n a su due\u00f1o la Polic\u00eda empez\u00f3 un operativo en el Guasmo la tarde de lunes 26 de agosto para dar con los delincuentes. Poco despu\u00e9s, el veh\u00edculo liviano fue localizado cuando cuatro hombre iban a bordo por la cooperativa Fundaci\u00f3n de Guayaquil, en [&hellip;]<\/p>\n","protected":false},"author":1,"featured_media":7702,"comment_status":"open","ping_status":"closed","sticky":false,"template":"","format":"standard","meta":{"footnotes":""},"categories":[28],"tags":[],"class_list":["post-7701","post","type-post","status-publish","format-standard","has-post-thumbnail","hentry","category-noticias"],"_links":{"self":[{"href":"https:\/\/lifefm.ec\/index.php\/wp-json\/wp\/v2\/posts\/7701","targetHints":{"allow":["GET"]}}],"collection":[{"href":"https:\/\/lifefm.ec\/index.php\/wp-json\/wp\/v2\/posts"}],"about":[{"href":"https:\/\/lifefm.ec\/index.php\/wp-json\/wp\/v2\/types\/post"}],"author":[{"embeddable":true,"href":"https:\/\/lifefm.ec\/index.php\/wp-json\/wp\/v2\/users\/1"}],"replies":[{"embeddable":true,"href":"https:\/\/lifefm.ec\/index.php\/wp-json\/wp\/v2\/comments?post=7701"}],"version-history":[{"count":1,"href":"https:\/\/lifefm.ec\/index.php\/wp-json\/wp\/v2\/posts\/7701\/revisions"}],"predecessor-version":[{"id":7704,"href":"https:\/\/lifefm.ec\/index.php\/wp-json\/wp\/v2\/posts\/7701\/revisions\/7704"}],"wp:featuredmedia":[{"embeddable":true,"href":"https:\/\/lifefm.ec\/index.php\/wp-json\/wp\/v2\/media\/7702"}],"wp:attachment":[{"href":"https:\/\/lifefm.ec\/index.php\/wp-json\/wp\/v2\/media?parent=7701"}],"wp:term":[{"taxonomy":"category","embeddable":true,"href":"https:\/\/lifefm.ec\/index.php\/wp-json\/wp\/v2\/categories?post=7701"},{"taxonomy":"post_tag","embeddable":true,"href":"https:\/\/lifefm.ec\/index.php\/wp-json\/wp\/v2\/tags?post=7701"}],"curies":[{"name":"wp","href":"https:\/\/api.w.org\/{rel}","templated":true}]}}