{"id":7695,"date":"2024-08-27T10:02:35","date_gmt":"2024-08-27T15:02:35","guid":{"rendered":"https:\/\/lifefm.ec\/?p=7695"},"modified":"2024-08-27T10:02:35","modified_gmt":"2024-08-27T15:02:35","slug":"trabajadores-ahora-pueden-presentar-reclamos-por-no-afiliacion-al-iess-de-forma-virtual","status":"publish","type":"post","link":"https:\/\/lifefm.ec\/index.php\/2024\/08\/27\/trabajadores-ahora-pueden-presentar-reclamos-por-no-afiliacion-al-iess-de-forma-virtual\/","title":{"rendered":"Trabajadores ahora pueden presentar reclamos por no afiliaci\u00f3n al IESS de forma virtual"},"content":{"rendered":"<blockquote><p>Desde la p\u00e1gina web del IESS, los trabajadores bajo relaci\u00f3n de dependencia pueden presentar reclamos por no afiliaci\u00f3n o subdeclaraci\u00f3n al Seguro Social.<\/p><\/blockquote>\n<p>El Instituto Ecuatoriano de Seguridad Social (IESS) habilit\u00f3 desde este 26 de agosto un nuevo canal virtual por donde los trabajadores bajo relaci\u00f3n de dependencia pueden presentar reclamos por no afiliaci\u00f3n o subdeclaraci\u00f3n al Seguro Social; antes, el tr\u00e1mite era presencial.<\/p>\n<p>Seg\u00fan la Ley de Seguridad Social y el C\u00f3digo de Trabajo, los empleadores est\u00e1n obligados a afiliar a sus trabajadores al IESS desde el primer d\u00eda de labores.<\/p>\n<p>Para registrar el aviso de entrada en la p\u00e1gina web del IESS, los empleadores tienen un plazo de 15 d\u00edas, desde el inicio de la relaci\u00f3n laboral.<\/p>\n<p>Un trabajador puede solicitar en el sitio web del IESS un certificado de afiliaci\u00f3n, y as\u00ed comprobar si su empleador lo afili\u00f3.<\/p>\n<p>En caso contrario, o detectar que se est\u00e1 declarando por un salario inferior al percibido, el empleado puede presentar un reclamo, siguiendo estos pasos:<\/p>\n<p>Ingrese a la p\u00e1gina: https:\/\/www.iess.gob.ec\/<\/p>\n<p>D\u00e9 clic en &#8216;Tr\u00e1mites Virtuales&#8217;.<\/p>\n<p>Escoja la nueva opci\u00f3n &#8216;Ventanilla Virtual&#8217;.<\/p>\n<p>Ingrese sus datos personales en el formulario de Recepci\u00f3n de tr\u00e1mites.<\/p>\n<p>En donde dice Requerimiento elija la opci\u00f3n &#8216;Reclamo por Falta de Afiliaci\u00f3n y subdeclaraci\u00f3n de aportes&#8217;.<\/p>\n<p>Cargue los documentos requeridos. En &#8216;Formulario de reclamo de no afiliaci\u00f3n&#8217;, d\u00e9 clic en la opci\u00f3n &#8216;Aqu\u00ed&#8217; para descargar el documento; complete la informaci\u00f3n requerida y suba el formulario en formato PDF.<\/p>\n<p>Una vez cargados los documentos cli, d\u00e9 clic en enviar. El tr\u00e1mite ser\u00e1 designado a un funcionario del IESS.<\/p>\n<p><strong>Estos son los documentos exigidos para presentar el reclamo:<\/strong><\/p>\n<p>C\u00e9dula de identidad o pasaporte.<br \/>\nFormulario de reclamo de no afiliaci\u00f3n.<br \/>\nDocumentos complementarios, como: rol de pago, declaraci\u00f3n del impuesto a la renta, reporte de pago de d\u00e9cimos, certificado laboral, acta de finiquito, sentencia ejecutoriada, contrato de trabajo, registro de asistencia o acci\u00f3n de personal. No todos los documentos son obligatorios; pero, al menos uno deber\u00e1 presentarse para continuar el tr\u00e1mite.<\/p>\n<p>Una fotograf\u00eda portando su c\u00e9dula de identidad o pasaporte. Aseg\u00farese de que la imagen sea clara y al momento de tomarla no use gafas o gorra.<br \/>\nEl IESS recalca que el reclamo por falta de afiliaci\u00f3n y subdeclaraci\u00f3n de aportes es confidencial.<\/p>\n<p>Desde el formulario de Recepci\u00f3n de tr\u00e1mites tambi\u00e9n se pueden ingresar otros tipos de requerimientos; entre ellos, actualizaci\u00f3n de cuenta bancaria para afiliados en el exterior, actualizaci\u00f3n de datos del empleador, anulaci\u00f3n de comprobantes de pago y solicitudes de montep\u00edo.<\/p>\n<p>&nbsp;<\/p>\n<p>F: PRIMICIAS.<\/p>\n","protected":false},"excerpt":{"rendered":"<p>Desde la p\u00e1gina web del IESS, los trabajadores bajo relaci\u00f3n de dependencia pueden presentar reclamos por no afiliaci\u00f3n o subdeclaraci\u00f3n al Seguro Social. El Instituto Ecuatoriano de Seguridad Social (IESS) habilit\u00f3 desde este 26 de agosto un nuevo canal virtual por donde los trabajadores bajo relaci\u00f3n de dependencia pueden presentar reclamos por no afiliaci\u00f3n o [&hellip;]<\/p>\n","protected":false},"author":1,"featured_media":7696,"comment_status":"open","ping_status":"closed","sticky":false,"template":"","format":"standard","meta":{"footnotes":""},"categories":[24,28],"tags":[],"class_list":["post-7695","post","type-post","status-publish","format-standard","has-post-thumbnail","hentry","category-nacional","category-noticias"],"_links":{"self":[{"href":"https:\/\/lifefm.ec\/index.php\/wp-json\/wp\/v2\/posts\/7695","targetHints":{"allow":["GET"]}}],"collection":[{"href":"https:\/\/lifefm.ec\/index.php\/wp-json\/wp\/v2\/posts"}],"about":[{"href":"https:\/\/lifefm.ec\/index.php\/wp-json\/wp\/v2\/types\/post"}],"author":[{"embeddable":true,"href":"https:\/\/lifefm.ec\/index.php\/wp-json\/wp\/v2\/users\/1"}],"replies":[{"embeddable":true,"href":"https:\/\/lifefm.ec\/index.php\/wp-json\/wp\/v2\/comments?post=7695"}],"version-history":[{"count":1,"href":"https:\/\/lifefm.ec\/index.php\/wp-json\/wp\/v2\/posts\/7695\/revisions"}],"predecessor-version":[{"id":7697,"href":"https:\/\/lifefm.ec\/index.php\/wp-json\/wp\/v2\/posts\/7695\/revisions\/7697"}],"wp:featuredmedia":[{"embeddable":true,"href":"https:\/\/lifefm.ec\/index.php\/wp-json\/wp\/v2\/media\/7696"}],"wp:attachment":[{"href":"https:\/\/lifefm.ec\/index.php\/wp-json\/wp\/v2\/media?parent=7695"}],"wp:term":[{"taxonomy":"category","embeddable":true,"href":"https:\/\/lifefm.ec\/index.php\/wp-json\/wp\/v2\/categories?post=7695"},{"taxonomy":"post_tag","embeddable":true,"href":"https:\/\/lifefm.ec\/index.php\/wp-json\/wp\/v2\/tags?post=7695"}],"curies":[{"name":"wp","href":"https:\/\/api.w.org\/{rel}","templated":true}]}}