{"id":7688,"date":"2024-08-27T09:54:38","date_gmt":"2024-08-27T14:54:38","guid":{"rendered":"https:\/\/lifefm.ec\/?p=7688"},"modified":"2024-08-27T09:54:38","modified_gmt":"2024-08-27T14:54:38","slug":"seguridad-para-los-candidatos-que-carece-de-financiamiento-y-loguistica-aunque-la-policia-entrena-a-grupos-especiales","status":"publish","type":"post","link":"https:\/\/lifefm.ec\/index.php\/2024\/08\/27\/seguridad-para-los-candidatos-que-carece-de-financiamiento-y-loguistica-aunque-la-policia-entrena-a-grupos-especiales\/","title":{"rendered":"SEGURIDAD PARA LOS CANDIDATOS QUE CARECE DE FINANCIAMIENTO Y LOGU\u00cdSTICA ,AUNQUE LA POLIC\u00cdA ENTRENA A GRUPOS ESPECIALES"},"content":{"rendered":"<p class=\"prose-text\" data-mrf-recirculation=\"Links article\">Garantizar la seguridad durante el desarrollo de los <b>comicios generales del 2025<\/b> ser\u00e1 un desaf\u00edo para el <b>Consejo Nacional Electoral (CNE)<\/b>, la Polic\u00eda Nacional y los candidatos que se enfrentan a la falta de financiamiento y log\u00edstica.<\/p>\n<p class=\"prose-text\" data-mrf-recirculation=\"Links article\">El 30 de diciembre de 2024 se conocer\u00e1 el listado definitivo de los candidatos que participar\u00e1n en las <a href=\"https:\/\/www.eluniverso.com\/temas\/elecciones-generales-2025\/\" target=\"_blank\" rel=\"noopener\" data-mrf-link=\"https:\/\/www.eluniverso.com\/temas\/elecciones-generales-2025\/\">elecciones presidenciales, de asamble\u00edstas y parlamentarios andinos previstas para el 9 de febrero del 2025.<\/a><\/p>\n<p class=\"prose-text\" data-mrf-recirculation=\"Links article\">En ese momento, los aspirantes que estar\u00e1n en la papeleta podr\u00e1n solicitar al Consejo Nacional Electoral que articule equipos de seguridad para el acompa\u00f1amiento en sus actividades en medio de la situaci\u00f3n de inseguridad que vive el pa\u00eds y con la declaratoria de un conflicto armado interno que el Gobierno nacional mantiene vigente.<\/p>\n<p class=\"prose-text\" data-mrf-recirculation=\"Links article\">Para los representantes de las organizaciones pol\u00edticas este es un tema de inter\u00e9s despu\u00e9s de lo ocurrido el 9 de agosto de 2023, durante la campa\u00f1a por los<b> comicios generales anticipados, cuando<\/b> fue asesinado <b>Fernando Villavicencio Valencia,<\/b> quien postulaba a la Presidencia de la Rep\u00fablica por el movimiento Construye.<\/p>\n<p class=\"prose-text\" data-mrf-recirculation=\"Links article\">Los directivos de los 17 partidos y movimientos nacionales, reunidos en un consejo consultivo, elevaron su pedido al CNE para que se garantice la seguridad de sus cuadros. Pero la respuesta de las autoridades no fue alentadora: no hay recursos para subvencionar los gastos para los polic\u00edas ni la log\u00edstica.<\/p>\n<p class=\"prose-text\" data-mrf-recirculation=\"Links article\">El presupuesto que requiri\u00f3 el Consejo para organizar estos comicios asciende a $ 91\u2032707.668, de los que $ 10\u2032035.881 se destinar\u00e1n a la <b>Polic\u00eda Nacional y Fuerzas Armadas,<\/b> que est\u00e1n obligadas a colaborar con la seguridad ciudadana en recintos electorales, dependencias y el traslado del material.<\/p>\n<p class=\"prose-text\" data-mrf-recirculation=\"Links article\">El 22 de noviembre de 2023 se emiti\u00f3 el Acuerdo Ministerial 150, firmado por el entonces ministro del Interior, Juan Zapata, que reglamenta la participaci\u00f3n de los miembros de la Polic\u00eda en actividades de seguridad y protecci\u00f3n permanente e intransferible a 40 autoridades del Estado, entre ellos, los candidatos calificados a la Presidencia y Vicepresidencia de la Rep\u00fablica, de acuerdo con su nivel de riesgo.<\/p>\n<p class=\"prose-text\" data-mrf-recirculation=\"Links article\">En el documento no se incorpor\u00f3 a candidatos a la Asamblea Nacional.<\/p>\n<p class=\"prose-text\" data-mrf-recirculation=\"Links article\">Antes de otorgar un equipo de seguridad se realiza un an\u00e1lisis de riesgo personal (ARP), que es catalogado como un levantamiento de informaci\u00f3n con car\u00e1cter reservado, que identifica las amenazas y vulnerabilidades al que est\u00e1 expuesto un funcionario o exfuncionario, los potenciales da\u00f1os y consecuencias, lo que permitir\u00e1 determinar su nivel de riesgo y exposici\u00f3n para establecer el n\u00famero de polic\u00edas para los candidatos.<\/p>\n<p class=\"prose-text\" data-mrf-recirculation=\"Links article\">Adicionalmente, el acuerdo establece que para que el servicio sea eficiente, las instituciones p\u00fablicas son responsables de garantizar a los uniformados todos los medios necesarios para cumplir sus funciones, como espacio f\u00edsico, medios ergon\u00f3micos, movilizaci\u00f3n, comunicaciones, vi\u00e1ticos, subsistencias, veh\u00edculos y los conductores, quienes pasar\u00e1n a formar parte del dispositivo.<\/p>\n<p class=\"prose-text\" data-mrf-recirculation=\"Links article\">Frente a estos requerimientos, el Consejo adelant\u00f3 que no dispone de los recursos para costearlos y menos para dotar de veh\u00edculos blindados, por lo que no se desech\u00f3 la posibilidad de que los candidatos cubran esos gastos.<\/p>\n<h2 class=\"\"><b>Polic\u00eda Nacional capacita personal en protecci\u00f3n de candidatos<\/b><\/h2>\n<p class=\"prose-text\" data-mrf-recirculation=\"Links article\">La Polic\u00eda trabaja en la preparaci\u00f3n de sus hombres con cursos especiales de entrenamiento para dar seguridad a altas autoridades del Estado y a candidatos.<\/p>\n<p class=\"prose-text\" data-mrf-recirculation=\"Links article\">En Ambato (Tungurahua) funciona una escuela con ese objetivo bajo la administraci\u00f3n de la Direcci\u00f3n Nacional de Protecci\u00f3n y Seguridad, que avanz\u00f3 a un sexto programa de capacitaci\u00f3n y reentrenamiento en el que participaron 70 personas.<\/p>\n<p class=\"prose-text\" data-mrf-recirculation=\"Links article\">Las cifras oficiales detallan de 744 requerimientos de an\u00e1lisis de riesgo personal de los que 626 se atendieron y los restantes 118 estaban en estudio, expres\u00f3 Jos\u00e9 Luis Vaca, director nacional de Protecci\u00f3n y Seguridad, en una declaraci\u00f3n de prensa a finales de julio.<\/p>\n<p class=\"prose-text\" data-mrf-recirculation=\"Links article\">Fausto \u00cd\u00f1iguez Sotomayor, quien tambi\u00e9n particip\u00f3 del acto, destac\u00f3 la creaci\u00f3n de la Escuela de Protecci\u00f3n y Seguridad que funcionar\u00eda en los siguientes meses enfocada en dictar cursos de seguridad de dignatarios con apoyo internacional como el de la Embajada de Estados Unidos en Ecuador.<\/p>\n<p class=\"prose-text\" data-mrf-recirculation=\"Links article\">El viceministro aclar\u00f3 que los candidatos que requieran de protecci\u00f3n tendr\u00e1n que gestionarlo a trav\u00e9s del CNE, que a su vez presentar\u00e1 una certificaci\u00f3n presupuestaria que cubra los gastos que demanden las actividades.<\/p>\n<p class=\"prose-text\" data-mrf-recirculation=\"Links article\">\u00abNosotros ponemos nuestro contingente en cuanto al recurso humano y el CNE debe proveer un veh\u00edculo blindado y la certificaci\u00f3n presupuestaria. Como Polic\u00eda Nacional ponemos una parte y las instituciones deben asumir la suya. La seguridad es un complemento de todos\u00bb, afirm\u00f3.<\/p>\n<p class=\"prose-text\" data-mrf-recirculation=\"Links article\">Seg\u00fan los hitos del calendario, los 17 partidos y movimientos agotaron la fase de elecciones primarias en las que proclamaron a 17 precandidatos a presidente y vicepresidente y se esperar\u00eda que hasta el 30 de agosto se defina si habr\u00e1 alianzas electorales que reduzcan ese n\u00famero.<\/p>\n<p data-mrf-recirculation=\"Links article\">F: EL UNIVERSO<\/p>\n<p data-mrf-recirculation=\"Links article\">\n","protected":false},"excerpt":{"rendered":"<p>Garantizar la seguridad durante el desarrollo de los comicios generales del 2025 ser\u00e1 un desaf\u00edo para el Consejo Nacional Electoral (CNE), la Polic\u00eda Nacional y los candidatos que se enfrentan a la falta de financiamiento y log\u00edstica. El 30 de diciembre de 2024 se conocer\u00e1 el listado definitivo de los candidatos que participar\u00e1n en las [&hellip;]<\/p>\n","protected":false},"author":1,"featured_media":7691,"comment_status":"open","ping_status":"closed","sticky":false,"template":"","format":"standard","meta":{"footnotes":""},"categories":[28],"tags":[],"class_list":["post-7688","post","type-post","status-publish","format-standard","has-post-thumbnail","hentry","category-noticias"],"_links":{"self":[{"href":"https:\/\/lifefm.ec\/index.php\/wp-json\/wp\/v2\/posts\/7688","targetHints":{"allow":["GET"]}}],"collection":[{"href":"https:\/\/lifefm.ec\/index.php\/wp-json\/wp\/v2\/posts"}],"about":[{"href":"https:\/\/lifefm.ec\/index.php\/wp-json\/wp\/v2\/types\/post"}],"author":[{"embeddable":true,"href":"https:\/\/lifefm.ec\/index.php\/wp-json\/wp\/v2\/users\/1"}],"replies":[{"embeddable":true,"href":"https:\/\/lifefm.ec\/index.php\/wp-json\/wp\/v2\/comments?post=7688"}],"version-history":[{"count":1,"href":"https:\/\/lifefm.ec\/index.php\/wp-json\/wp\/v2\/posts\/7688\/revisions"}],"predecessor-version":[{"id":7694,"href":"https:\/\/lifefm.ec\/index.php\/wp-json\/wp\/v2\/posts\/7688\/revisions\/7694"}],"wp:featuredmedia":[{"embeddable":true,"href":"https:\/\/lifefm.ec\/index.php\/wp-json\/wp\/v2\/media\/7691"}],"wp:attachment":[{"href":"https:\/\/lifefm.ec\/index.php\/wp-json\/wp\/v2\/media?parent=7688"}],"wp:term":[{"taxonomy":"category","embeddable":true,"href":"https:\/\/lifefm.ec\/index.php\/wp-json\/wp\/v2\/categories?post=7688"},{"taxonomy":"post_tag","embeddable":true,"href":"https:\/\/lifefm.ec\/index.php\/wp-json\/wp\/v2\/tags?post=7688"}],"curies":[{"name":"wp","href":"https:\/\/api.w.org\/{rel}","templated":true}]}}