{"id":7680,"date":"2024-08-26T12:44:49","date_gmt":"2024-08-26T17:44:49","guid":{"rendered":"https:\/\/lifefm.ec\/?p=7680"},"modified":"2024-08-26T12:44:49","modified_gmt":"2024-08-26T17:44:49","slug":"alumnos-de-la-escuela-de-bellas-artes-brillan-con-show-de-talentos","status":"publish","type":"post","link":"https:\/\/lifefm.ec\/index.php\/2024\/08\/26\/alumnos-de-la-escuela-de-bellas-artes-brillan-con-show-de-talentos\/","title":{"rendered":"Alumnos de la Escuela de Bellas Artes brillan con show de talentos"},"content":{"rendered":"<blockquote><p><em>El evento cont\u00f3 con la presencia del alcalde de la ciudad, Daniel Mac\u00edas<strong>.<\/strong><\/em><\/p><\/blockquote>\n<p>El pasado s\u00e1bado, Valencia se llen\u00f3 de talento durante un evento cultural organizado por la\u00a0Escuela de Bellas Artes,\u00a0que tuvo lugar en el Coliseo 12 de Julio. El evento cont\u00f3 con la\u00a0presencia del alcalde de la ciudad,\u00a0Daniel Mac\u00edas, quien asisti\u00f3 para apoyar a los j\u00f3venes artistas.<\/p>\n<p>El espect\u00e1culo estuvo cargado de energ\u00eda y cont\u00f3 con un\u00a0panel de tres jurados:\u00a0la\u00a0ex reina de Valencia, la\u00a0actual reina\u00a0y un\u00a0conductor de un programa digital, quienes se encargaron de evaluar las actuaciones de los participantes.<\/p>\n<p>Tras unas palabras de inauguraci\u00f3n, el show dio inicio con una encantadora presentaci\u00f3n de dos ni\u00f1as que interpretaron canciones de \u201cLas Divinas\u201d de la serie \u201cPatito Feo\u201d. A esta actuaci\u00f3n le siguieron una serie de\u00a0interpretaciones de artistas reconocidos, as\u00ed como de personajes de series de televisi\u00f3n y pel\u00edculas\u00a0como Becky G, Ricky Martin, Bruno Mars, Selena, Shakira, Tini, Elsa de la pel\u00edcula de Frozen, RBD, los Terribles Diamantes de Valencia, entre otros.<\/p>\n<p>Cada presentaci\u00f3n anim\u00f3 al p\u00fablico y puso a prueba a los jurados, quienes tuvieron la dif\u00edcil tarea de elegir a los ganadores. Al final de la tarde, el\u00a0primer lugar\u00a0fue otorgado a los participantes que interpretaron a\u00a0RBD, quienes se\u00a0destacaron por su actuaci\u00f3n y baile. El\u00a0segundo lugar\u00a0fue para la\u00a0interpretaci\u00f3n de Jennifer L\u00f3pez,\u00a0mientras que el\u00a0tercer lugar\u00a0lo obtuvieron las\u00a0int\u00e9rpretes de \u201cLas Divinas\u201d.<\/p>\n<p>&nbsp;<\/p>\n<p>F: La Hora.<\/p>\n","protected":false},"excerpt":{"rendered":"<p>El evento cont\u00f3 con la presencia del alcalde de la ciudad, Daniel Mac\u00edas. El pasado s\u00e1bado, Valencia se llen\u00f3 de talento durante un evento cultural organizado por la\u00a0Escuela de Bellas Artes,\u00a0que tuvo lugar en el Coliseo 12 de Julio. El evento cont\u00f3 con la\u00a0presencia del alcalde de la ciudad,\u00a0Daniel Mac\u00edas, quien asisti\u00f3 para apoyar a [&hellip;]<\/p>\n","protected":false},"author":1,"featured_media":7681,"comment_status":"open","ping_status":"closed","sticky":false,"template":"","format":"standard","meta":{"footnotes":""},"categories":[24,28],"tags":[],"class_list":["post-7680","post","type-post","status-publish","format-standard","has-post-thumbnail","hentry","category-nacional","category-noticias"],"_links":{"self":[{"href":"https:\/\/lifefm.ec\/index.php\/wp-json\/wp\/v2\/posts\/7680","targetHints":{"allow":["GET"]}}],"collection":[{"href":"https:\/\/lifefm.ec\/index.php\/wp-json\/wp\/v2\/posts"}],"about":[{"href":"https:\/\/lifefm.ec\/index.php\/wp-json\/wp\/v2\/types\/post"}],"author":[{"embeddable":true,"href":"https:\/\/lifefm.ec\/index.php\/wp-json\/wp\/v2\/users\/1"}],"replies":[{"embeddable":true,"href":"https:\/\/lifefm.ec\/index.php\/wp-json\/wp\/v2\/comments?post=7680"}],"version-history":[{"count":1,"href":"https:\/\/lifefm.ec\/index.php\/wp-json\/wp\/v2\/posts\/7680\/revisions"}],"predecessor-version":[{"id":7682,"href":"https:\/\/lifefm.ec\/index.php\/wp-json\/wp\/v2\/posts\/7680\/revisions\/7682"}],"wp:featuredmedia":[{"embeddable":true,"href":"https:\/\/lifefm.ec\/index.php\/wp-json\/wp\/v2\/media\/7681"}],"wp:attachment":[{"href":"https:\/\/lifefm.ec\/index.php\/wp-json\/wp\/v2\/media?parent=7680"}],"wp:term":[{"taxonomy":"category","embeddable":true,"href":"https:\/\/lifefm.ec\/index.php\/wp-json\/wp\/v2\/categories?post=7680"},{"taxonomy":"post_tag","embeddable":true,"href":"https:\/\/lifefm.ec\/index.php\/wp-json\/wp\/v2\/tags?post=7680"}],"curies":[{"name":"wp","href":"https:\/\/api.w.org\/{rel}","templated":true}]}}