{"id":6293,"date":"2024-04-22T10:35:06","date_gmt":"2024-04-22T15:35:06","guid":{"rendered":"https:\/\/lifefm.ec\/?p=6293"},"modified":"2024-04-22T10:35:06","modified_gmt":"2024-04-22T15:35:06","slug":"el-individuo-que-ingreso-al-consulado-de-iran-en-paris-con-explosivos-falsos-ha-sido-arrestado","status":"publish","type":"post","link":"https:\/\/lifefm.ec\/index.php\/2024\/04\/22\/el-individuo-que-ingreso-al-consulado-de-iran-en-paris-con-explosivos-falsos-ha-sido-arrestado\/","title":{"rendered":"EL INDIVIDUO QUE INGRES\u00d3 AL CONSULADO DE IR\u00c1N EN PAR\u00cdS CON EXPLOSIVOS FALSOS HA SIDO ARRESTADO"},"content":{"rendered":"<blockquote><p>La polic\u00eda francesa detuvo al hombre que ingres\u00f3 al consulado de Ir\u00e1n en Par\u00eds con falsos explosivos y se entreg\u00f3 pac\u00edficamente.<\/p><\/blockquote>\n<p>El individuo, quien llevaba un chaleco t\u00e1ctico artesanal, provoc\u00f3 una r\u00e1pida respuesta de las autoridades locales, incluyendo unidades especiales de las BRI, bomberos y ambulancias, quienes acordonaron la zona y cerraron temporalmente dos l\u00edneas de metro cercanas.<\/p>\n<p>El incidente, que tuvo lugar en la calle Fresnel del distrito 16 de Par\u00eds, llev\u00f3 a la suspensi\u00f3n temporal de actividades en la concurrida plaza del Trocadero, frente a la Torre Eiffel. Testigos informaron que el hombre expres\u00f3 su intenci\u00f3n de vengar la muerte de su hermano, mientras que la Fiscal\u00eda de Par\u00eds indic\u00f3 que amenaz\u00f3 con llevar a cabo un acto violento.<\/p>\n<p>Tras varios intentos de negociaci\u00f3n, el individuo se entreg\u00f3 sin resistencia y fue detenido de inmediato. Las autoridades confirmaron que los explosivos eran simulados. El detenido, un hombre de 61 a\u00f1os nacido en Ir\u00e1n pero con nacionalidad francesa, ya hab\u00eda intentado incendiar el consulado iran\u00ed en septiembre pasado, y estaba programado para comparecer en juicio el pr\u00f3ximo lunes por ese incidente.<\/p>\n<p>El suceso ocurri\u00f3 en un contexto de creciente tensi\u00f3n en Oriente Medio, poco despu\u00e9s de un presunto ataque de Israel contra Ir\u00e1n en respuesta a un bombardeo sobre suelo israel\u00ed el fin de semana anterior. El consulado de Ir\u00e1n en Par\u00eds, con baja actividad debido a las relaciones fr\u00edas entre ambos pa\u00edses, ha sido escenario de tensiones previas, incluyendo sanciones impuestas por Par\u00eds debido al programa nuclear de Teher\u00e1n y la detenci\u00f3n de ciudadanos franceses por razones pol\u00edticas.<\/p>\n<p>El embajador iran\u00ed en Par\u00eds fue convocado el lunes pasado por el Ministerio de Exteriores franc\u00e9s en rechazo al reciente ataque de Teher\u00e1n sobre Israel con misiles y drones.<\/p>\n<p>&nbsp;<\/p>\n<p>F: El Universo<br \/>\n#Life #LifeNoticias #RadioLife995FM #InformativoLife #Babahoyo #ThiIsLife #SintonizaLaVida<\/p>\n","protected":false},"excerpt":{"rendered":"<p>La polic\u00eda francesa detuvo al hombre que ingres\u00f3 al consulado de Ir\u00e1n en Par\u00eds con falsos explosivos y se entreg\u00f3 pac\u00edficamente. El individuo, quien llevaba un chaleco t\u00e1ctico artesanal, provoc\u00f3 una r\u00e1pida respuesta de las autoridades locales, incluyendo unidades especiales de las BRI, bomberos y ambulancias, quienes acordonaron la zona y cerraron temporalmente dos l\u00edneas [&hellip;]<\/p>\n","protected":false},"author":1,"featured_media":6294,"comment_status":"open","ping_status":"closed","sticky":false,"template":"","format":"standard","meta":{"footnotes":""},"categories":[23],"tags":[],"class_list":["post-6293","post","type-post","status-publish","format-standard","has-post-thumbnail","hentry","category-el-mundo"],"_links":{"self":[{"href":"https:\/\/lifefm.ec\/index.php\/wp-json\/wp\/v2\/posts\/6293","targetHints":{"allow":["GET"]}}],"collection":[{"href":"https:\/\/lifefm.ec\/index.php\/wp-json\/wp\/v2\/posts"}],"about":[{"href":"https:\/\/lifefm.ec\/index.php\/wp-json\/wp\/v2\/types\/post"}],"author":[{"embeddable":true,"href":"https:\/\/lifefm.ec\/index.php\/wp-json\/wp\/v2\/users\/1"}],"replies":[{"embeddable":true,"href":"https:\/\/lifefm.ec\/index.php\/wp-json\/wp\/v2\/comments?post=6293"}],"version-history":[{"count":1,"href":"https:\/\/lifefm.ec\/index.php\/wp-json\/wp\/v2\/posts\/6293\/revisions"}],"predecessor-version":[{"id":6295,"href":"https:\/\/lifefm.ec\/index.php\/wp-json\/wp\/v2\/posts\/6293\/revisions\/6295"}],"wp:featuredmedia":[{"embeddable":true,"href":"https:\/\/lifefm.ec\/index.php\/wp-json\/wp\/v2\/media\/6294"}],"wp:attachment":[{"href":"https:\/\/lifefm.ec\/index.php\/wp-json\/wp\/v2\/media?parent=6293"}],"wp:term":[{"taxonomy":"category","embeddable":true,"href":"https:\/\/lifefm.ec\/index.php\/wp-json\/wp\/v2\/categories?post=6293"},{"taxonomy":"post_tag","embeddable":true,"href":"https:\/\/lifefm.ec\/index.php\/wp-json\/wp\/v2\/tags?post=6293"}],"curies":[{"name":"wp","href":"https:\/\/api.w.org\/{rel}","templated":true}]}}