{"id":6254,"date":"2024-04-18T10:12:12","date_gmt":"2024-04-18T15:12:12","guid":{"rendered":"https:\/\/lifefm.ec\/?p=6254"},"modified":"2024-04-18T10:12:12","modified_gmt":"2024-04-18T15:12:12","slug":"amlo-afirma-que-mexico-recibe-respaldo-unanime-de-todos-los-paises-de-la-celac-en-la-crisis-con-ecuador","status":"publish","type":"post","link":"https:\/\/lifefm.ec\/index.php\/2024\/04\/18\/amlo-afirma-que-mexico-recibe-respaldo-unanime-de-todos-los-paises-de-la-celac-en-la-crisis-con-ecuador\/","title":{"rendered":"AMLO AFIRMA QUE M\u00c9XICO RECIBE RESPALDO UN\u00c1NIME DE TODOS LOS PA\u00cdSES DE LA CELAC EN LA CRISIS CON ECUADOR"},"content":{"rendered":"<blockquote><p>El presidente de M\u00e9xico, Andr\u00e9s Manuel L\u00f3pez Obrador, declar\u00f3 el mi\u00e9rcoles que todos los pa\u00edses de la Comunidad de Estados Latinoamericanos y Caribe\u00f1os (CELAC) respaldan a M\u00e9xico tras el asalto a su embajada en Quito.<\/p><\/blockquote>\n<p>Durante su conferencia de prensa matutina, afirm\u00f3 que recibieron apoyo un\u00e1nime durante la reuni\u00f3n de mandatarios de la regi\u00f3n convocada por la presidenta de Honduras, Xiomara Castro.<\/p>\n<p>En dicha cumbre, el presidente de Venezuela, Nicol\u00e1s Maduro, anunci\u00f3 el cierre de las instalaciones diplom\u00e1ticas venezolanas en Ecuador en solidaridad con M\u00e9xico, mientras que el presidente de Bolivia, Luis Arce, anunci\u00f3 que se unir\u00e1 a la denuncia del gobierno mexicano.<\/p>\n<p>Adem\u00e1s, el presidente L\u00f3pez Obrador inform\u00f3 que la mandataria hondure\u00f1a comunic\u00f3 que tambi\u00e9n retirar\u00e1n temporalmente a sus diplom\u00e1ticos de Ecuador en solidaridad con M\u00e9xico.<\/p>\n<p>Al ser cuestionado sobre la ausencia del presidente ecuatoriano, Daniel Noboa, en la cumbre, el presidente mexicano evadi\u00f3 la pregunta y solicit\u00f3 la revisi\u00f3n del video del encuentro para obtener m\u00e1s detalles.<\/p>\n<p>El conflicto surgi\u00f3 a ra\u00edz del allanamiento policial a la Embajada de M\u00e9xico el 5 de abril para arrestar al exvicepresidente Jorge Glas, quien se encontraba refugiado all\u00ed durante un proceso judicial por corrupci\u00f3n. La controversia se intensific\u00f3 cuando un tribunal ecuatoriano declar\u00f3 ilegal la detenci\u00f3n de Glas dentro de la embajada, aunque permanece encarcelado por otros casos de corrupci\u00f3n.<\/p>\n<p>Ante esta situaci\u00f3n, el gobierno mexicano present\u00f3 una denuncia ante la Corte Internacional de Justicia (CIJ) y solicit\u00f3 a la Organizaci\u00f3n de las Naciones Unidas (ONU) que suspenda a Ecuador del organismo.<\/p>\n<p>Por su parte, el presidente Noboa ha defendido la acci\u00f3n de allanamiento y ha propuesto resolver la crisis invitando al presidente L\u00f3pez Obrador a una comida. Sin embargo, el presidente mexicano enfatiz\u00f3 que el conflicto no puede tratarse como una frivolidad.<\/p>\n<p>&nbsp;<\/p>\n<p>F: El Universo<\/p>\n<p>#Life #LifeNoticias #RadioLife995FM #InformativoLife #Babahoyo #ThiIsLife #SintonizaLaVida<\/p>\n","protected":false},"excerpt":{"rendered":"<p>El presidente de M\u00e9xico, Andr\u00e9s Manuel L\u00f3pez Obrador, declar\u00f3 el mi\u00e9rcoles que todos los pa\u00edses de la Comunidad de Estados Latinoamericanos y Caribe\u00f1os (CELAC) respaldan a M\u00e9xico tras el asalto a su embajada en Quito. Durante su conferencia de prensa matutina, afirm\u00f3 que recibieron apoyo un\u00e1nime durante la reuni\u00f3n de mandatarios de la regi\u00f3n convocada [&hellip;]<\/p>\n","protected":false},"author":1,"featured_media":6256,"comment_status":"open","ping_status":"closed","sticky":false,"template":"","format":"standard","meta":{"footnotes":""},"categories":[23],"tags":[],"class_list":["post-6254","post","type-post","status-publish","format-standard","has-post-thumbnail","hentry","category-el-mundo"],"_links":{"self":[{"href":"https:\/\/lifefm.ec\/index.php\/wp-json\/wp\/v2\/posts\/6254","targetHints":{"allow":["GET"]}}],"collection":[{"href":"https:\/\/lifefm.ec\/index.php\/wp-json\/wp\/v2\/posts"}],"about":[{"href":"https:\/\/lifefm.ec\/index.php\/wp-json\/wp\/v2\/types\/post"}],"author":[{"embeddable":true,"href":"https:\/\/lifefm.ec\/index.php\/wp-json\/wp\/v2\/users\/1"}],"replies":[{"embeddable":true,"href":"https:\/\/lifefm.ec\/index.php\/wp-json\/wp\/v2\/comments?post=6254"}],"version-history":[{"count":1,"href":"https:\/\/lifefm.ec\/index.php\/wp-json\/wp\/v2\/posts\/6254\/revisions"}],"predecessor-version":[{"id":6257,"href":"https:\/\/lifefm.ec\/index.php\/wp-json\/wp\/v2\/posts\/6254\/revisions\/6257"}],"wp:featuredmedia":[{"embeddable":true,"href":"https:\/\/lifefm.ec\/index.php\/wp-json\/wp\/v2\/media\/6256"}],"wp:attachment":[{"href":"https:\/\/lifefm.ec\/index.php\/wp-json\/wp\/v2\/media?parent=6254"}],"wp:term":[{"taxonomy":"category","embeddable":true,"href":"https:\/\/lifefm.ec\/index.php\/wp-json\/wp\/v2\/categories?post=6254"},{"taxonomy":"post_tag","embeddable":true,"href":"https:\/\/lifefm.ec\/index.php\/wp-json\/wp\/v2\/tags?post=6254"}],"curies":[{"name":"wp","href":"https:\/\/api.w.org\/{rel}","templated":true}]}}