{"id":6232,"date":"2024-04-17T12:04:51","date_gmt":"2024-04-17T17:04:51","guid":{"rendered":"https:\/\/lifefm.ec\/?p=6232"},"modified":"2024-04-17T12:04:51","modified_gmt":"2024-04-17T17:04:51","slug":"nicolas-maduro-decreta-el-cierre-de-la-embajada-venezolana-en-ecuador","status":"publish","type":"post","link":"https:\/\/lifefm.ec\/index.php\/2024\/04\/17\/nicolas-maduro-decreta-el-cierre-de-la-embajada-venezolana-en-ecuador\/","title":{"rendered":"NICOL\u00c1S MADURO DECRETA EL CIERRE DE LA EMBAJADA VENEZOLANA EN ECUADOR"},"content":{"rendered":"<blockquote><p>El martes, el presidente de Venezuela, Nicol\u00e1s Maduro, anunci\u00f3 el cierre de la Embajada y consulados venezolanos en Ecuador en solidaridad con M\u00e9xico, despu\u00e9s de que la Polic\u00eda ecuatoriana ingresara a la embajada mexicana en Quito para arrestar al exvicepresidente Jorge Glas.<\/p><\/blockquote>\n<p>Maduro comunic\u00f3 esta decisi\u00f3n durante la reuni\u00f3n virtual de la Comunidad de Estados Latinoamericanos y Caribe\u00f1os (Celac), donde los l\u00edderes estatales se congregaron para abordar el ingreso forzado de las fuerzas ecuatorianas a la embajada mexicana en Quito.<\/p>\n<p>\u00abHe ordenado cerrar nuestra embajada en Ecuador, as\u00ed como los consulados en Quito y Guayaquil, y repatriar al personal diplom\u00e1tico a Venezuela de inmediato\u00bb, afirm\u00f3 Maduro durante su intervenci\u00f3n, agregando que esto se mantendr\u00eda hasta que se restablezca el respeto al derecho internacional en Ecuador.<\/p>\n<p>Maduro calific\u00f3 el allanamiento policial a la embajada mexicana como un \u00abacto de barbarie\u00bb y respald\u00f3 la propuesta de M\u00e9xico de expulsar a Ecuador de la Organizaci\u00f3n de Naciones Unidas (ONU) \u00abhasta que se disculpe ante la comunidad internacional y se restablezca la situaci\u00f3n legal original\u00bb.<\/p>\n<p>La cumbre, presidida por la presidenta de Honduras y del organismo regional, Xiomara Castro, ha sido el escenario de estas discusiones.<\/p>\n<p>El presidente venezolano ya hab\u00eda expresado su intenci\u00f3n de solicitar a Ecuador que devolviera a Glas a M\u00e9xico. \u00abVenezuela va a exigir que el Gobierno de Ecuador le devuelva a M\u00e9xico al exvicepresidente Jorge Glas, se le otorgue el asilo pol\u00edtico y regrese a M\u00e9xico para recuperarse f\u00edsicamente, recuperar su salud\u00bb, afirm\u00f3 Maduro en su programa de televisi\u00f3n semanal.<\/p>\n<p>&nbsp;<\/p>\n<p>F: El Universo<\/p>\n<p>#Life #LifeNoticias #RadioLife995FM #InformativoLife #Babahoyo #ThiIsLife #SintonizaLaVida<\/p>\n","protected":false},"excerpt":{"rendered":"<p>El martes, el presidente de Venezuela, Nicol\u00e1s Maduro, anunci\u00f3 el cierre de la Embajada y consulados venezolanos en Ecuador en solidaridad con M\u00e9xico, despu\u00e9s de que la Polic\u00eda ecuatoriana ingresara a la embajada mexicana en Quito para arrestar al exvicepresidente Jorge Glas. Maduro comunic\u00f3 esta decisi\u00f3n durante la reuni\u00f3n virtual de la Comunidad de Estados [&hellip;]<\/p>\n","protected":false},"author":1,"featured_media":6233,"comment_status":"open","ping_status":"closed","sticky":false,"template":"","format":"standard","meta":{"footnotes":""},"categories":[23],"tags":[],"class_list":["post-6232","post","type-post","status-publish","format-standard","has-post-thumbnail","hentry","category-el-mundo"],"_links":{"self":[{"href":"https:\/\/lifefm.ec\/index.php\/wp-json\/wp\/v2\/posts\/6232","targetHints":{"allow":["GET"]}}],"collection":[{"href":"https:\/\/lifefm.ec\/index.php\/wp-json\/wp\/v2\/posts"}],"about":[{"href":"https:\/\/lifefm.ec\/index.php\/wp-json\/wp\/v2\/types\/post"}],"author":[{"embeddable":true,"href":"https:\/\/lifefm.ec\/index.php\/wp-json\/wp\/v2\/users\/1"}],"replies":[{"embeddable":true,"href":"https:\/\/lifefm.ec\/index.php\/wp-json\/wp\/v2\/comments?post=6232"}],"version-history":[{"count":1,"href":"https:\/\/lifefm.ec\/index.php\/wp-json\/wp\/v2\/posts\/6232\/revisions"}],"predecessor-version":[{"id":6234,"href":"https:\/\/lifefm.ec\/index.php\/wp-json\/wp\/v2\/posts\/6232\/revisions\/6234"}],"wp:featuredmedia":[{"embeddable":true,"href":"https:\/\/lifefm.ec\/index.php\/wp-json\/wp\/v2\/media\/6233"}],"wp:attachment":[{"href":"https:\/\/lifefm.ec\/index.php\/wp-json\/wp\/v2\/media?parent=6232"}],"wp:term":[{"taxonomy":"category","embeddable":true,"href":"https:\/\/lifefm.ec\/index.php\/wp-json\/wp\/v2\/categories?post=6232"},{"taxonomy":"post_tag","embeddable":true,"href":"https:\/\/lifefm.ec\/index.php\/wp-json\/wp\/v2\/tags?post=6232"}],"curies":[{"name":"wp","href":"https:\/\/api.w.org\/{rel}","templated":true}]}}