{"id":6227,"date":"2024-04-17T11:53:13","date_gmt":"2024-04-17T16:53:13","guid":{"rendered":"https:\/\/lifefm.ec\/?p=6227"},"modified":"2024-04-17T11:53:13","modified_gmt":"2024-04-17T16:53:13","slug":"venezuela-exigira-a-ecuador-entregar-al-exvicepresidente-jorge-glas-a-mexico","status":"publish","type":"post","link":"https:\/\/lifefm.ec\/index.php\/2024\/04\/17\/venezuela-exigira-a-ecuador-entregar-al-exvicepresidente-jorge-glas-a-mexico\/","title":{"rendered":"VENEZUELA \u00abEXIGIR\u00c1\u00bb A ECUADOR ENTREGAR AL EXVICEPRESIDENTE JORGE GLAS A M\u00c9XICO"},"content":{"rendered":"<blockquote><p>El presidente venezolano Nicol\u00e1s Maduro anunci\u00f3 este lunes que durante la cumbre de la Comunidad de Estados Latinoamericanos y Caribe\u00f1os (Celac), convocada por Honduras para el martes, Venezuela solicitar\u00e1 a Ecuador la entrega del exvicepresidente ecuatoriano Jorge Glas a M\u00e9xico, donde ha sido otorgado asilo pol\u00edtico.<\/p><\/blockquote>\n<p>Maduro expres\u00f3 en su programa de televisi\u00f3n semanal que Venezuela busca que Glas pueda partir a M\u00e9xico para recuperarse f\u00edsicamente y restablecer su salud.<\/p>\n<p>La solicitud se har\u00e1 en el contexto de un debate sobre la captura de Jorge Glas, de 54 a\u00f1os, quien fuera vicepresidente durante el mandato del exmandatario socialista Rafael Correa (2007-2017). Maduro enfatiz\u00f3 que Ecuador debe restablecer la situaci\u00f3n a su estado original, otorgar el asilo pol\u00edtico y permitir que M\u00e9xico proteja a Jorge Glas de acuerdo con el derecho internacional.<\/p>\n<p>La captura de Glas, ocurrida el 5 de abril en la embajada mexicana en Quito, fue objeto de condena por parte de numerosos pa\u00edses y organismos internacionales, incluyendo Naciones Unidas y la Organizaci\u00f3n de Estados Americanos.<\/p>\n<p>Glas se refugi\u00f3 en la embajada mexicana en diciembre pasado, despu\u00e9s de que la justicia ecuatoriana emitiera una orden de prisi\u00f3n en su contra por presunto peculado en el manejo de fondos para la reconstrucci\u00f3n de zonas afectadas por un terremoto en 2016, un proceso a\u00fan en curso.<\/p>\n<p>Ecuador hab\u00eda solicitado autorizaci\u00f3n para ingresar a la embajada y detener a Glas, pero M\u00e9xico se neg\u00f3, lo que result\u00f3 en la expulsi\u00f3n de la embajadora mexicana en Quito y en la posterior incursi\u00f3n en la sede diplom\u00e1tica. Jorge Glas hab\u00eda sido condenado previamente a ocho a\u00f1os de prisi\u00f3n por casos de corrupci\u00f3n, pero fue liberado en 2022 tras una pol\u00e9mica medida cautelar, tras pasar cinco a\u00f1os en prisi\u00f3n, y estaba sujeto a presentarse peri\u00f3dicamente ante las autoridades.<\/p>\n<p>El gobierno ecuatoriano justifica la incursi\u00f3n alegando que el asilo otorgado a Glas es ilegal, ya que tiene condenas por delitos comunes.<\/p>\n<p>&nbsp;<\/p>\n<p>F: El Universo<\/p>\n<p>#Life #LifeNoticias #RadioLife995FM #InformativoLife #Babahoyo #ThiIsLife #SintonizaLaVida<\/p>\n","protected":false},"excerpt":{"rendered":"<p>El presidente venezolano Nicol\u00e1s Maduro anunci\u00f3 este lunes que durante la cumbre de la Comunidad de Estados Latinoamericanos y Caribe\u00f1os (Celac), convocada por Honduras para el martes, Venezuela solicitar\u00e1 a Ecuador la entrega del exvicepresidente ecuatoriano Jorge Glas a M\u00e9xico, donde ha sido otorgado asilo pol\u00edtico. Maduro expres\u00f3 en su programa de televisi\u00f3n semanal que [&hellip;]<\/p>\n","protected":false},"author":1,"featured_media":6228,"comment_status":"open","ping_status":"closed","sticky":false,"template":"","format":"standard","meta":{"footnotes":""},"categories":[23],"tags":[],"class_list":["post-6227","post","type-post","status-publish","format-standard","has-post-thumbnail","hentry","category-el-mundo"],"_links":{"self":[{"href":"https:\/\/lifefm.ec\/index.php\/wp-json\/wp\/v2\/posts\/6227","targetHints":{"allow":["GET"]}}],"collection":[{"href":"https:\/\/lifefm.ec\/index.php\/wp-json\/wp\/v2\/posts"}],"about":[{"href":"https:\/\/lifefm.ec\/index.php\/wp-json\/wp\/v2\/types\/post"}],"author":[{"embeddable":true,"href":"https:\/\/lifefm.ec\/index.php\/wp-json\/wp\/v2\/users\/1"}],"replies":[{"embeddable":true,"href":"https:\/\/lifefm.ec\/index.php\/wp-json\/wp\/v2\/comments?post=6227"}],"version-history":[{"count":1,"href":"https:\/\/lifefm.ec\/index.php\/wp-json\/wp\/v2\/posts\/6227\/revisions"}],"predecessor-version":[{"id":6229,"href":"https:\/\/lifefm.ec\/index.php\/wp-json\/wp\/v2\/posts\/6227\/revisions\/6229"}],"wp:featuredmedia":[{"embeddable":true,"href":"https:\/\/lifefm.ec\/index.php\/wp-json\/wp\/v2\/media\/6228"}],"wp:attachment":[{"href":"https:\/\/lifefm.ec\/index.php\/wp-json\/wp\/v2\/media?parent=6227"}],"wp:term":[{"taxonomy":"category","embeddable":true,"href":"https:\/\/lifefm.ec\/index.php\/wp-json\/wp\/v2\/categories?post=6227"},{"taxonomy":"post_tag","embeddable":true,"href":"https:\/\/lifefm.ec\/index.php\/wp-json\/wp\/v2\/tags?post=6227"}],"curies":[{"name":"wp","href":"https:\/\/api.w.org\/{rel}","templated":true}]}}