{"id":6220,"date":"2024-04-17T11:38:13","date_gmt":"2024-04-17T16:38:13","guid":{"rendered":"https:\/\/lifefm.ec\/?p=6220"},"modified":"2024-04-17T11:38:13","modified_gmt":"2024-04-17T16:38:13","slug":"un-juez-reprende-a-donald-trump-por-amenazar-a-un-posible-miembro-del-jurado","status":"publish","type":"post","link":"https:\/\/lifefm.ec\/index.php\/2024\/04\/17\/un-juez-reprende-a-donald-trump-por-amenazar-a-un-posible-miembro-del-jurado\/","title":{"rendered":"UN JUEZ REPRENDE A DONALD TRUMP POR AMENAZAR A UN POSIBLE MIEMBRO DEL JURADO"},"content":{"rendered":"<blockquote><p>El lunes marc\u00f3 el inicio del proceso de selecci\u00f3n del jurado para un caso hist\u00f3rico en los Estados Unidos, siendo el primero en involucrar a un exmandatario.<\/p><\/blockquote>\n<p>El juez Juan Manuel Merchan declar\u00f3 el martes que no tolerar\u00e1 ninguna intimidaci\u00f3n por parte del expresidente Donald Trump durante el juicio penal.<\/p>\n<p>Esto sucedi\u00f3 despu\u00e9s de que Trump interrumpiera la declaraci\u00f3n de un candidato a jurado, mostrando gestos y hablando en voz alta hacia \u00e9l mientras era interrogado sobre una publicaci\u00f3n en redes sociales.<\/p>\n<p>Merchan enfatiz\u00f3 que el comportamiento del pol\u00edtico durante el interrogatorio fue inaceptable, y tras la salida del jurado de la sala, reprendi\u00f3 a los abogados de Trump, dejando claro su compromiso de no permitir que ning\u00fan jurado sea intimidado en el tribunal.<\/p>\n<p>La selecci\u00f3n del jurado para este caso, que marca un hito en la historia de EE.UU., comenz\u00f3 el lunes y se espera que dure alrededor de dos semanas.<\/p>\n<p>Antes de la sesi\u00f3n del d\u00eda, Trump expres\u00f3 su frustraci\u00f3n en su red social Truth Social, lamentando una restricci\u00f3n que le impide responder a las cr\u00edticas que recibe en programas de televisi\u00f3n.<\/p>\n<p>Esta restricci\u00f3n, impuesta por el juez bajo amenaza de multa, proh\u00edbe a Trump mencionar a testigos, miembros de la fiscal\u00eda, judicatura y sus familiares, despu\u00e9s de que Trump hiciera comentarios despectivos sobre la hija del juez Merchan debido a sus inclinaciones pol\u00edticas dem\u00f3cratas.<\/p>\n<p>&nbsp;<\/p>\n<p>F: El Universo #<\/p>\n<p>Life #LifeNoticias #RadioLife995FM #InformativoLife #Babahoyo #ThiIsLife #SintonizaLaVida<\/p>\n","protected":false},"excerpt":{"rendered":"<p>El lunes marc\u00f3 el inicio del proceso de selecci\u00f3n del jurado para un caso hist\u00f3rico en los Estados Unidos, siendo el primero en involucrar a un exmandatario. El juez Juan Manuel Merchan declar\u00f3 el martes que no tolerar\u00e1 ninguna intimidaci\u00f3n por parte del expresidente Donald Trump durante el juicio penal. Esto sucedi\u00f3 despu\u00e9s de que [&hellip;]<\/p>\n","protected":false},"author":1,"featured_media":6221,"comment_status":"open","ping_status":"closed","sticky":false,"template":"","format":"standard","meta":{"footnotes":""},"categories":[23],"tags":[],"class_list":["post-6220","post","type-post","status-publish","format-standard","has-post-thumbnail","hentry","category-el-mundo"],"_links":{"self":[{"href":"https:\/\/lifefm.ec\/index.php\/wp-json\/wp\/v2\/posts\/6220","targetHints":{"allow":["GET"]}}],"collection":[{"href":"https:\/\/lifefm.ec\/index.php\/wp-json\/wp\/v2\/posts"}],"about":[{"href":"https:\/\/lifefm.ec\/index.php\/wp-json\/wp\/v2\/types\/post"}],"author":[{"embeddable":true,"href":"https:\/\/lifefm.ec\/index.php\/wp-json\/wp\/v2\/users\/1"}],"replies":[{"embeddable":true,"href":"https:\/\/lifefm.ec\/index.php\/wp-json\/wp\/v2\/comments?post=6220"}],"version-history":[{"count":1,"href":"https:\/\/lifefm.ec\/index.php\/wp-json\/wp\/v2\/posts\/6220\/revisions"}],"predecessor-version":[{"id":6222,"href":"https:\/\/lifefm.ec\/index.php\/wp-json\/wp\/v2\/posts\/6220\/revisions\/6222"}],"wp:featuredmedia":[{"embeddable":true,"href":"https:\/\/lifefm.ec\/index.php\/wp-json\/wp\/v2\/media\/6221"}],"wp:attachment":[{"href":"https:\/\/lifefm.ec\/index.php\/wp-json\/wp\/v2\/media?parent=6220"}],"wp:term":[{"taxonomy":"category","embeddable":true,"href":"https:\/\/lifefm.ec\/index.php\/wp-json\/wp\/v2\/categories?post=6220"},{"taxonomy":"post_tag","embeddable":true,"href":"https:\/\/lifefm.ec\/index.php\/wp-json\/wp\/v2\/tags?post=6220"}],"curies":[{"name":"wp","href":"https:\/\/api.w.org\/{rel}","templated":true}]}}