{"id":6215,"date":"2024-04-17T11:25:14","date_gmt":"2024-04-17T16:25:14","guid":{"rendered":"https:\/\/lifefm.ec\/?p=6215"},"modified":"2024-04-17T11:25:14","modified_gmt":"2024-04-17T16:25:14","slug":"un-fuego-provoca-graves-perjuicios-en-el-emblematico-edificio-de-la-bolsa-de-copenhague","status":"publish","type":"post","link":"https:\/\/lifefm.ec\/index.php\/2024\/04\/17\/un-fuego-provoca-graves-perjuicios-en-el-emblematico-edificio-de-la-bolsa-de-copenhague\/","title":{"rendered":"UN FUEGO PROVOCA GRAVES PERJUICIOS EN EL EMBLEM\u00c1TICO EDIFICIO DE LA BOLSA DE COPENHAGUE"},"content":{"rendered":"<blockquote><p>Un incendio, cuyas causas a\u00fan se desconocen, estall\u00f3 este martes en el hist\u00f3rico edificio de la Bolsa de Copenhague, provocando graves da\u00f1os materiales. Las autoridades han declarado que el fuego est\u00e1 controlado y no hubo v\u00edctimas.<\/p><\/blockquote>\n<p>El incendio ha afectado la mitad del edificio del siglo XVII, causando el colapso parcial de la techumbre y de la ic\u00f3nica aguja de su torre. Sin embargo, cientos de obras de arte del interior fueron rescatadas.<\/p>\n<p>El director de los servicios de emergencia de Copenhague, Jakob Vedsted Andersen, inform\u00f3 en una rueda de prensa que las labores de extinci\u00f3n continuar\u00e1n durante varias horas debido a la complejidad de la estructura del edificio y los andamios instalados para su restauraci\u00f3n.<\/p>\n<p>El incendio comenz\u00f3 durante las labores de reparaci\u00f3n, pero las autoridades a\u00fan no pueden confirmar la causa. Los trabajadores presentes evacuaron el lugar por su cuenta cuando comenz\u00f3 el fuego.<\/p>\n<p>El operativo de rescate involucr\u00f3 a aproximadamente 135 bomberos, as\u00ed como a polic\u00edas y efectivos de la Guardia Real. La colecci\u00f3n pict\u00f3rica del edificio fue rescatada y trasladada al Museo Nacional para evaluar los da\u00f1os.<\/p>\n<p>Brian Mikkelsen, director de la C\u00e1mara de Comercio Danesa, anunci\u00f3 la decisi\u00f3n de reconstruir el edificio, que data de principios del siglo XVII y ha sido un elemento ic\u00f3nico de Copenhague.<\/p>\n<p>El incendio ha generado una profunda tristeza en la comunidad, con el rey Federico X de Dinamarca expresando su pesar y agradecimiento al personal de emergencia. La primera ministra Mette Frederiksen lament\u00f3 la p\u00e9rdida hist\u00f3rica, compar\u00e1ndola con el tr\u00e1gico incendio de Notre Dame en 2019.<\/p>\n<p>El suceso tambi\u00e9n ha alterado los planes de celebraci\u00f3n del cumplea\u00f1os n\u00famero 84 de la reina Margarita II, con la Casa Real optando por reducir los actos programados.<\/p>\n<p>&nbsp;<\/p>\n<p>F: El Universo<\/p>\n<p>#Life #LifeNoticias #RadioLife995FM #InformativoLife #Babahoyo #ThiIsLife #SintonizaLaVida<\/p>\n","protected":false},"excerpt":{"rendered":"<p>Un incendio, cuyas causas a\u00fan se desconocen, estall\u00f3 este martes en el hist\u00f3rico edificio de la Bolsa de Copenhague, provocando graves da\u00f1os materiales. Las autoridades han declarado que el fuego est\u00e1 controlado y no hubo v\u00edctimas. El incendio ha afectado la mitad del edificio del siglo XVII, causando el colapso parcial de la techumbre y [&hellip;]<\/p>\n","protected":false},"author":1,"featured_media":6216,"comment_status":"open","ping_status":"closed","sticky":false,"template":"","format":"standard","meta":{"footnotes":""},"categories":[23],"tags":[],"class_list":["post-6215","post","type-post","status-publish","format-standard","has-post-thumbnail","hentry","category-el-mundo"],"_links":{"self":[{"href":"https:\/\/lifefm.ec\/index.php\/wp-json\/wp\/v2\/posts\/6215","targetHints":{"allow":["GET"]}}],"collection":[{"href":"https:\/\/lifefm.ec\/index.php\/wp-json\/wp\/v2\/posts"}],"about":[{"href":"https:\/\/lifefm.ec\/index.php\/wp-json\/wp\/v2\/types\/post"}],"author":[{"embeddable":true,"href":"https:\/\/lifefm.ec\/index.php\/wp-json\/wp\/v2\/users\/1"}],"replies":[{"embeddable":true,"href":"https:\/\/lifefm.ec\/index.php\/wp-json\/wp\/v2\/comments?post=6215"}],"version-history":[{"count":1,"href":"https:\/\/lifefm.ec\/index.php\/wp-json\/wp\/v2\/posts\/6215\/revisions"}],"predecessor-version":[{"id":6217,"href":"https:\/\/lifefm.ec\/index.php\/wp-json\/wp\/v2\/posts\/6215\/revisions\/6217"}],"wp:featuredmedia":[{"embeddable":true,"href":"https:\/\/lifefm.ec\/index.php\/wp-json\/wp\/v2\/media\/6216"}],"wp:attachment":[{"href":"https:\/\/lifefm.ec\/index.php\/wp-json\/wp\/v2\/media?parent=6215"}],"wp:term":[{"taxonomy":"category","embeddable":true,"href":"https:\/\/lifefm.ec\/index.php\/wp-json\/wp\/v2\/categories?post=6215"},{"taxonomy":"post_tag","embeddable":true,"href":"https:\/\/lifefm.ec\/index.php\/wp-json\/wp\/v2\/tags?post=6215"}],"curies":[{"name":"wp","href":"https:\/\/api.w.org\/{rel}","templated":true}]}}