{"id":6196,"date":"2024-04-17T10:33:07","date_gmt":"2024-04-17T15:33:07","guid":{"rendered":"https:\/\/lifefm.ec\/?p=6196"},"modified":"2024-04-17T10:33:07","modified_gmt":"2024-04-17T15:33:07","slug":"que-se-celebra-este-17-de-abril-en-ecuador-y-el-mundo","status":"publish","type":"post","link":"https:\/\/lifefm.ec\/index.php\/2024\/04\/17\/que-se-celebra-este-17-de-abril-en-ecuador-y-el-mundo\/","title":{"rendered":"\u00bfQU\u00c9 SE CELEBRA ESTE 17 DE ABRIL EN ECUADOR Y EL MUNDO?"},"content":{"rendered":"<blockquote><p>Cada 17 de abril se conmemora una efem\u00e9ride y el aniversario de varios hechos hist\u00f3ricos. \u00bfQu\u00e9 se conmemora un d\u00eda como hoy?<\/p><\/blockquote>\n<p>El 17 de abril se celebra el D\u00eda Mundial de la Hemofilia. La Federaci\u00f3n Mundial de Hemofilia (FMH) eligi\u00f3 este d\u00eda en honor a la fecha de nacimiento de Frank Schnabel, su fundador.<\/p>\n<p>La hemofilia es un trastorno hemorr\u00e1gico hereditario en el cual la sangre no se coagula de manera adecuada. Esto puede causar hemorragias tanto espont\u00e1neas como despu\u00e9s de una operaci\u00f3n o de tener una lesi\u00f3n.<\/p>\n<p>En 2015, el Pleno de la Asamblea Nacional, con 97 votos afirmativos, declar\u00f3 al 17 de abril de cada a\u00f1o, como el \u201cD\u00eda de la Uni\u00f3n de Naciones Suramericanas\u201d y lo incorporar\u00e1 al calendario de las celebraciones oficiales del Ecuador. Con el objetivo de reafirmar la construcci\u00f3n de una identidad suramericana en los ciudadanos de todos los pa\u00edses miembros.<\/p>\n<p>En 1996, durante la Segunda Conferencia de V\u00eda Campesina, se instituy\u00f3 el D\u00eda Mundial de la Lucha Campesina como una forma de honrar la muerte de 19 trabajadores sin tierra que murieron durante una masacre en Eldorado Dos Caraj\u00e1s, Brasil.<\/p>\n<p>&nbsp;<\/p>\n<p>Algunas efem\u00e9rides del 17 de abril:<\/p>\n<p>1923.- Se abre el XII congreso del PCUS sovi\u00e9tico.<\/p>\n<p>1941.- Segunda Guerra mundial: Yugoslavia se rinde ante la superioridad alemana.<\/p>\n<p>1956.- EE.UU. presenta el avi\u00f3n \u201cLockheed F-104 Starfighter\u201d, que puede volar a doble velocidad que el sonido y transportar armas at\u00f3micas.<\/p>\n<p>1958.- Se inaugura en Bruselas la Exposici\u00f3n Universal.<\/p>\n<p>1961.- Unos 1.400 exiliados cubanos en EE.UU. desembarcan en Bah\u00eda de Cochinos (Cuba), en un intento de derrocar a Fidel Castro.<\/p>\n<p>1963.- Sirhan B. Sirhan es declarado culpable de asesinato del senador estadounidense Robert F. Kennedy.<\/p>\n<p>1969.- El secretario general del partido comunista checo, Alexander Dubcek, es sustituido en el Comit\u00e9 Central por Gustav Husak.<\/p>\n<p>.- Bernardette Devlin, elegida diputada a la C\u00e1mara de los Comunes por el partido Democracia Popular de Irlanda del Norte.<\/p>\n<p>1975.- Las fuerzas comunistas de los \u201cjemeres rojos\u201d entran en Pnom-Penh, la capital de Camboya.<\/p>\n<p>1982.- Canad\u00e1 adquiere total independencia de Gran Breta\u00f1a con la aprobaci\u00f3n de la nueva Constituci\u00f3n del pa\u00eds.<\/p>\n<p>1986.- Tres brit\u00e1nicos secuestrados en L\u00edbano son asesinados como represalia por la utilizaci\u00f3n de bases a\u00e9reas brit\u00e1nicas por las fuerzas de EE.UU. que bombardearon Libia.<\/p>\n<p>1998.- El presidente de Chile, Eduardo Frei, inaugura la II Cumbre de las Am\u00e9ricas de Santiago a la que asisten 33 gobernantes del continente.<\/p>\n<p>2004.- El l\u00edder de Hamas, Abdel As\u00eds Rantisi, es asesinado en Gaza por dos cohetes disparados por helic\u00f3pteros israel\u00edes.<\/p>\n<p>2006.- Al menos 63 muertos al caer un autob\u00fas a un barranco en Veracruz (M\u00e9xico).<\/p>\n<p>2007.- Un cohete ruso-ucraniano Dni\u00e9per pone en \u00f3rbita el primer sat\u00e9lite colombiano, el Libertad 1.<\/p>\n<p>2009.- ALBA aprueba una resoluci\u00f3n contra el terrorismo en Bolivia y en apoyo del presidente Evo Morales.<\/p>\n<p>2010.- Europa, paralizada por aire debido al cierre del espacio a\u00e9reo de una veintena de pa\u00edses a causa de la nube de ceniza del volc\u00e1n island\u00e9s Eyjafjallaj\u00f6kull.<\/p>\n<p>2011.- Comienza a emitirse la primera temporada de Juego de Tronos en la cadena de televisi\u00f3n HBO.<\/p>\n<p>2013.- Quince muertos y 200 heridos en la explosi\u00f3n de una f\u00e1brica de fertilizantes en Waco, Texas (EE.UU.).<\/p>\n<p>2014.- Estados Unidos, Ucrania, Rusia y la Uni\u00f3n Europea (UE) acuerdan el desarme de todos los grupos ilegales en Ucrania.<\/p>\n<p>.- El telescopio espacial Kepler de la NASA confirma el descubrimiento del primer planeta del tama\u00f1o de la Tierra en el cual podr\u00eda existir agua en forma l\u00edquida.<\/p>\n<p>2019.- Se suicida de un disparo en la cabeza el expresidente peruano Alan Garc\u00eda cuando iba a ser detenido por orden judicial por supuestos delitos de corrupci\u00f3n vinculados al caso Odebrecht.<\/p>\n<p>.- Al menos 29 turistas, la mayor\u00eda de nacionalidad alemana, mueren en el accidente de un autob\u00fas en la isla portuguesa de Madeira.<\/p>\n<p>.- Argentina suspende los \u2018tarifazos\u2019 y lanza medidas para frenar la inflaci\u00f3n.<\/p>\n<p>2021.- \u00daltimo discurso de Ra\u00fal Castro como l\u00edder del Partido Comunista de Cuba.<\/p>\n<p>.- Funeral del duque de Edimburgo, consorte de la reina Isabel II, en la capilla de San Jorge, en Windsor.<\/p>\n<p>2023.- Airbus y Air France, absueltas por el accidente de 2009 en el que murieron las 228 personas.<\/p>\n<p>&nbsp;<\/p>\n<p>F: El Universo<\/p>\n<p>#Life #LifeNoticias #RadioLife995FM #InformativoLife #Babahoyo #ThiIsLife #SintonizaLaVida<\/p>\n","protected":false},"excerpt":{"rendered":"<p>Cada 17 de abril se conmemora una efem\u00e9ride y el aniversario de varios hechos hist\u00f3ricos. \u00bfQu\u00e9 se conmemora un d\u00eda como hoy? El 17 de abril se celebra el D\u00eda Mundial de la Hemofilia. La Federaci\u00f3n Mundial de Hemofilia (FMH) eligi\u00f3 este d\u00eda en honor a la fecha de nacimiento de Frank Schnabel, su fundador. [&hellip;]<\/p>\n","protected":false},"author":1,"featured_media":6199,"comment_status":"open","ping_status":"closed","sticky":false,"template":"","format":"standard","meta":{"footnotes":""},"categories":[23],"tags":[],"class_list":["post-6196","post","type-post","status-publish","format-standard","has-post-thumbnail","hentry","category-el-mundo"],"_links":{"self":[{"href":"https:\/\/lifefm.ec\/index.php\/wp-json\/wp\/v2\/posts\/6196","targetHints":{"allow":["GET"]}}],"collection":[{"href":"https:\/\/lifefm.ec\/index.php\/wp-json\/wp\/v2\/posts"}],"about":[{"href":"https:\/\/lifefm.ec\/index.php\/wp-json\/wp\/v2\/types\/post"}],"author":[{"embeddable":true,"href":"https:\/\/lifefm.ec\/index.php\/wp-json\/wp\/v2\/users\/1"}],"replies":[{"embeddable":true,"href":"https:\/\/lifefm.ec\/index.php\/wp-json\/wp\/v2\/comments?post=6196"}],"version-history":[{"count":1,"href":"https:\/\/lifefm.ec\/index.php\/wp-json\/wp\/v2\/posts\/6196\/revisions"}],"predecessor-version":[{"id":6200,"href":"https:\/\/lifefm.ec\/index.php\/wp-json\/wp\/v2\/posts\/6196\/revisions\/6200"}],"wp:featuredmedia":[{"embeddable":true,"href":"https:\/\/lifefm.ec\/index.php\/wp-json\/wp\/v2\/media\/6199"}],"wp:attachment":[{"href":"https:\/\/lifefm.ec\/index.php\/wp-json\/wp\/v2\/media?parent=6196"}],"wp:term":[{"taxonomy":"category","embeddable":true,"href":"https:\/\/lifefm.ec\/index.php\/wp-json\/wp\/v2\/categories?post=6196"},{"taxonomy":"post_tag","embeddable":true,"href":"https:\/\/lifefm.ec\/index.php\/wp-json\/wp\/v2\/tags?post=6196"}],"curies":[{"name":"wp","href":"https:\/\/api.w.org\/{rel}","templated":true}]}}