{"id":6148,"date":"2024-04-15T12:46:00","date_gmt":"2024-04-15T17:46:00","guid":{"rendered":"https:\/\/lifefm.ec\/?p=6148"},"modified":"2024-04-15T12:46:00","modified_gmt":"2024-04-15T17:46:00","slug":"estados-unidos-reunira-a-lideres-del-g7-para-coordinar-respuesta-diplomatica-ante-ataque-de-iran-a-israel","status":"publish","type":"post","link":"https:\/\/lifefm.ec\/index.php\/2024\/04\/15\/estados-unidos-reunira-a-lideres-del-g7-para-coordinar-respuesta-diplomatica-ante-ataque-de-iran-a-israel\/","title":{"rendered":"ESTADOS UNIDOS REUNIR\u00c1 A L\u00cdDERES DEL G7 PARA COORDINAR RESPUESTA DIPLOM\u00c1TICA ANTE ATAQUE DE IR\u00c1N A ISRAEL"},"content":{"rendered":"<blockquote><p>El presidente Joe Biden anunci\u00f3 el s\u00e1bado que las fuerzas estadounidenses colaboraron en el derribo de la mayor\u00eda de los drones y misiles lanzados por Ir\u00e1n contra Israel.<\/p><\/blockquote>\n<p>En su declaraci\u00f3n, reafirm\u00f3 su s\u00f3lido compromiso con el primer ministro israel\u00ed, Benjamin Netanyahu, y anunci\u00f3 la convocatoria de una reuni\u00f3n con los l\u00edderes del G7 para coordinar una respuesta diplom\u00e1tica conjunta ante el ataque de Ir\u00e1n.<\/p>\n<p>Biden conden\u00f3 en\u00e9rgicamente el ataque a\u00e9reo sin precedentes lanzado por Ir\u00e1n y sus aliados desde Yemen, Siria e Irak contra instalaciones militares en Israel. En respuesta a la amenaza iran\u00ed contra su aliado clave en la regi\u00f3n, el presidente orden\u00f3 recientemente el env\u00edo de aviones militares estadounidenses y destructores de defensa contra misiles bal\u00edsticos al Medio Oriente.<\/p>\n<p>El presidente destac\u00f3 la efectividad de estos despliegues y el excepcional desempe\u00f1o del personal militar en la defensa de Israel, se\u00f1alando que gracias a estas acciones, se logr\u00f3 derribar la mayor\u00eda de los drones y misiles enemigos. Biden tambi\u00e9n asegur\u00f3 haber conversado con Netanyahu para reiterar el compromiso inquebrantable de Estados Unidos con la seguridad de Israel, destacando la notable capacidad de defensa demostrada por el pa\u00eds ante ataques sin precedentes.<\/p>\n<p>Finalmente, se especific\u00f3 que ninguna instalaci\u00f3n o fuerza estadounidense estuvo bajo ataque durante estos acontecimientos.<\/p>\n<p>&nbsp;<\/p>\n<p>F: El Universo<\/p>\n<p>#Life #LifeNoticias #RadioLife995FM #InformativoLife #Babahoyo #ThiIsLife #SintonizaLaVida<\/p>\n","protected":false},"excerpt":{"rendered":"<p>El presidente Joe Biden anunci\u00f3 el s\u00e1bado que las fuerzas estadounidenses colaboraron en el derribo de la mayor\u00eda de los drones y misiles lanzados por Ir\u00e1n contra Israel. En su declaraci\u00f3n, reafirm\u00f3 su s\u00f3lido compromiso con el primer ministro israel\u00ed, Benjamin Netanyahu, y anunci\u00f3 la convocatoria de una reuni\u00f3n con los l\u00edderes del G7 para [&hellip;]<\/p>\n","protected":false},"author":1,"featured_media":6149,"comment_status":"open","ping_status":"closed","sticky":false,"template":"","format":"standard","meta":{"footnotes":""},"categories":[23],"tags":[],"class_list":["post-6148","post","type-post","status-publish","format-standard","has-post-thumbnail","hentry","category-el-mundo"],"_links":{"self":[{"href":"https:\/\/lifefm.ec\/index.php\/wp-json\/wp\/v2\/posts\/6148","targetHints":{"allow":["GET"]}}],"collection":[{"href":"https:\/\/lifefm.ec\/index.php\/wp-json\/wp\/v2\/posts"}],"about":[{"href":"https:\/\/lifefm.ec\/index.php\/wp-json\/wp\/v2\/types\/post"}],"author":[{"embeddable":true,"href":"https:\/\/lifefm.ec\/index.php\/wp-json\/wp\/v2\/users\/1"}],"replies":[{"embeddable":true,"href":"https:\/\/lifefm.ec\/index.php\/wp-json\/wp\/v2\/comments?post=6148"}],"version-history":[{"count":1,"href":"https:\/\/lifefm.ec\/index.php\/wp-json\/wp\/v2\/posts\/6148\/revisions"}],"predecessor-version":[{"id":6150,"href":"https:\/\/lifefm.ec\/index.php\/wp-json\/wp\/v2\/posts\/6148\/revisions\/6150"}],"wp:featuredmedia":[{"embeddable":true,"href":"https:\/\/lifefm.ec\/index.php\/wp-json\/wp\/v2\/media\/6149"}],"wp:attachment":[{"href":"https:\/\/lifefm.ec\/index.php\/wp-json\/wp\/v2\/media?parent=6148"}],"wp:term":[{"taxonomy":"category","embeddable":true,"href":"https:\/\/lifefm.ec\/index.php\/wp-json\/wp\/v2\/categories?post=6148"},{"taxonomy":"post_tag","embeddable":true,"href":"https:\/\/lifefm.ec\/index.php\/wp-json\/wp\/v2\/tags?post=6148"}],"curies":[{"name":"wp","href":"https:\/\/api.w.org\/{rel}","templated":true}]}}