{"id":6140,"date":"2024-04-15T12:23:19","date_gmt":"2024-04-15T17:23:19","guid":{"rendered":"https:\/\/lifefm.ec\/?p=6140"},"modified":"2024-04-15T12:23:19","modified_gmt":"2024-04-15T17:23:19","slug":"iran-amenaza-con-tomar-accion-si-israel-responde-a-los-ataques","status":"publish","type":"post","link":"https:\/\/lifefm.ec\/index.php\/2024\/04\/15\/iran-amenaza-con-tomar-accion-si-israel-responde-a-los-ataques\/","title":{"rendered":"IR\u00c1N AMENAZA CON TOMAR ACCI\u00d3N SI ISRAEL RESPONDE A LOS ATAQUES"},"content":{"rendered":"<blockquote><p>Israel indic\u00f3 que intercept\u00f3 la mayor\u00eda de los misiles lanzados durante la represalia de Ir\u00e1n el s\u00e1bado, en respuesta al bombardeo de su consulado en Damasco. El incidente, que elev\u00f3 las tensiones en la regi\u00f3n, presenci\u00f3 el disparo de m\u00e1s de 200 drones y misiles.<\/p><\/blockquote>\n<p>El ej\u00e9rcito israel\u00ed inform\u00f3 que Ir\u00e1n lanz\u00f3 m\u00e1s de 200 drones y misiles en su contra, pero asegur\u00f3 que la mayor\u00eda fueron interceptados sin causar graves consecuencias. Aunque una base militar en el sur fue alcanzada, apenas sufri\u00f3 \u00abda\u00f1os menores\u00bb, seg\u00fan un portavoz militar.<\/p>\n<p>Al mismo tiempo, tanto el Hezbol\u00e1 liban\u00e9s como los rebeldes hut\u00edes de Yemen, aliados de Ir\u00e1n, llevaron a cabo ataques propios contra Israel. El Hezbol\u00e1 bombarde\u00f3 en dos ocasiones la meseta del Gol\u00e1n, ocupada por Israel, mientras que los rebeldes hut\u00edes lanzaron drones hacia territorio israel\u00ed.<\/p>\n<p>Ante esta situaci\u00f3n, Ir\u00e1n advirti\u00f3 que responder\u00e1 con mayor fuerza si Israel toma represalias. \u00abLa Rep\u00fablica Isl\u00e1mica de Ir\u00e1n no dudar\u00e1 en ejercer su derecho inherente de autodefensa cuando sea necesario\u00bb, declar\u00f3 el representante permanente de Ir\u00e1n ante las Naciones Unidas, Amir Saeid Iravani.<\/p>\n<p>Ir\u00e1n tambi\u00e9n se\u00f1al\u00f3 que siete de sus asesores militares murieron en el ataque a su embajada y que se viol\u00f3 el derecho internacional, mientras criticaba al Consejo de Seguridad de las Naciones Unidas.<\/p>\n<p>&nbsp;<\/p>\n<p>F: El Universo<\/p>\n<p>#Life #LifeNoticias #RadioLife995FM #InformativoLife #Babahoyo #ThiIsLife #SintonizaLaVida<\/p>\n","protected":false},"excerpt":{"rendered":"<p>Israel indic\u00f3 que intercept\u00f3 la mayor\u00eda de los misiles lanzados durante la represalia de Ir\u00e1n el s\u00e1bado, en respuesta al bombardeo de su consulado en Damasco. El incidente, que elev\u00f3 las tensiones en la regi\u00f3n, presenci\u00f3 el disparo de m\u00e1s de 200 drones y misiles. El ej\u00e9rcito israel\u00ed inform\u00f3 que Ir\u00e1n lanz\u00f3 m\u00e1s de 200 [&hellip;]<\/p>\n","protected":false},"author":1,"featured_media":6141,"comment_status":"open","ping_status":"closed","sticky":false,"template":"","format":"standard","meta":{"footnotes":""},"categories":[23],"tags":[],"class_list":["post-6140","post","type-post","status-publish","format-standard","has-post-thumbnail","hentry","category-el-mundo"],"_links":{"self":[{"href":"https:\/\/lifefm.ec\/index.php\/wp-json\/wp\/v2\/posts\/6140","targetHints":{"allow":["GET"]}}],"collection":[{"href":"https:\/\/lifefm.ec\/index.php\/wp-json\/wp\/v2\/posts"}],"about":[{"href":"https:\/\/lifefm.ec\/index.php\/wp-json\/wp\/v2\/types\/post"}],"author":[{"embeddable":true,"href":"https:\/\/lifefm.ec\/index.php\/wp-json\/wp\/v2\/users\/1"}],"replies":[{"embeddable":true,"href":"https:\/\/lifefm.ec\/index.php\/wp-json\/wp\/v2\/comments?post=6140"}],"version-history":[{"count":1,"href":"https:\/\/lifefm.ec\/index.php\/wp-json\/wp\/v2\/posts\/6140\/revisions"}],"predecessor-version":[{"id":6143,"href":"https:\/\/lifefm.ec\/index.php\/wp-json\/wp\/v2\/posts\/6140\/revisions\/6143"}],"wp:featuredmedia":[{"embeddable":true,"href":"https:\/\/lifefm.ec\/index.php\/wp-json\/wp\/v2\/media\/6141"}],"wp:attachment":[{"href":"https:\/\/lifefm.ec\/index.php\/wp-json\/wp\/v2\/media?parent=6140"}],"wp:term":[{"taxonomy":"category","embeddable":true,"href":"https:\/\/lifefm.ec\/index.php\/wp-json\/wp\/v2\/categories?post=6140"},{"taxonomy":"post_tag","embeddable":true,"href":"https:\/\/lifefm.ec\/index.php\/wp-json\/wp\/v2\/tags?post=6140"}],"curies":[{"name":"wp","href":"https:\/\/api.w.org\/{rel}","templated":true}]}}