{"id":6132,"date":"2024-04-15T11:45:49","date_gmt":"2024-04-15T16:45:49","guid":{"rendered":"https:\/\/lifefm.ec\/?p=6132"},"modified":"2024-04-15T11:45:49","modified_gmt":"2024-04-15T16:45:49","slug":"cancilleria-condena-el-ataque-de-iran-a-israel-y-confirma-contacto-con-vicepresidenta-veronica-abad","status":"publish","type":"post","link":"https:\/\/lifefm.ec\/index.php\/2024\/04\/15\/cancilleria-condena-el-ataque-de-iran-a-israel-y-confirma-contacto-con-vicepresidenta-veronica-abad\/","title":{"rendered":"CANCILLER\u00cdA CONDENA EL ATAQUE DE IR\u00c1N A ISRAEL Y CONFIRMA CONTACTO CON VICEPRESIDENTA VER\u00d3NICA ABAD"},"content":{"rendered":"<blockquote><p>Abad, en misi\u00f3n diplom\u00e1tica por la paz en Israel desde diciembre pasado por decreto presidencial, se vio envuelta en el rechazo mundial al ataque a\u00e9reo de Ir\u00e1n contra Israel este s\u00e1bado.<\/p><\/blockquote>\n<p>La Canciller\u00eda ecuatoriana tambi\u00e9n conden\u00f3 el ataque en un comunicado en redes sociales, instando a evitar la escalada del conflicto en Medio Oriente.<\/p>\n<p>La entidad asegur\u00f3 haber enviado instrucciones para resguardar y proteger a todo el personal de la Embajada tan pronto como se enter\u00f3 del ataque contra Israel. Confirmaron el bienestar de la Embajadora Ver\u00f3nica Abad, quien segu\u00eda las instrucciones entregadas por el Estado de Israel a todas las misiones diplom\u00e1ticas en el pa\u00eds.<\/p>\n<p>Abad, tambi\u00e9n vicepresidenta de la Rep\u00fablica, expres\u00f3 en la plataforma X (antes Twitter) que no hab\u00eda recibido comunicaci\u00f3n de la presidencia tras la emergencia y que su seguridad hab\u00eda sido retirada por decreto presidencial. Sin embargo, Canciller\u00eda asegur\u00f3 que mantiene el contacto con todos los funcionarios de la Embajada, quienes se encuentran protegidos y resguardados.<\/p>\n<p>La entidad tambi\u00e9n indic\u00f3 que a trav\u00e9s de la Embajada se est\u00e1 en contacto con la comunidad ecuatoriana en Israel para brindar el soporte necesario.<\/p>\n<p>&nbsp;<\/p>\n<p>F: El Universo<\/p>\n<p>#Life #LifeNoticias #RadioLife995FM #InformativoLife #Babahoyo #ThiIsLife #SintonizaLaVida<\/p>\n","protected":false},"excerpt":{"rendered":"<p>Abad, en misi\u00f3n diplom\u00e1tica por la paz en Israel desde diciembre pasado por decreto presidencial, se vio envuelta en el rechazo mundial al ataque a\u00e9reo de Ir\u00e1n contra Israel este s\u00e1bado. La Canciller\u00eda ecuatoriana tambi\u00e9n conden\u00f3 el ataque en un comunicado en redes sociales, instando a evitar la escalada del conflicto en Medio Oriente. La [&hellip;]<\/p>\n","protected":false},"author":1,"featured_media":6133,"comment_status":"open","ping_status":"closed","sticky":false,"template":"","format":"standard","meta":{"footnotes":""},"categories":[23],"tags":[],"class_list":["post-6132","post","type-post","status-publish","format-standard","has-post-thumbnail","hentry","category-el-mundo"],"_links":{"self":[{"href":"https:\/\/lifefm.ec\/index.php\/wp-json\/wp\/v2\/posts\/6132","targetHints":{"allow":["GET"]}}],"collection":[{"href":"https:\/\/lifefm.ec\/index.php\/wp-json\/wp\/v2\/posts"}],"about":[{"href":"https:\/\/lifefm.ec\/index.php\/wp-json\/wp\/v2\/types\/post"}],"author":[{"embeddable":true,"href":"https:\/\/lifefm.ec\/index.php\/wp-json\/wp\/v2\/users\/1"}],"replies":[{"embeddable":true,"href":"https:\/\/lifefm.ec\/index.php\/wp-json\/wp\/v2\/comments?post=6132"}],"version-history":[{"count":1,"href":"https:\/\/lifefm.ec\/index.php\/wp-json\/wp\/v2\/posts\/6132\/revisions"}],"predecessor-version":[{"id":6134,"href":"https:\/\/lifefm.ec\/index.php\/wp-json\/wp\/v2\/posts\/6132\/revisions\/6134"}],"wp:featuredmedia":[{"embeddable":true,"href":"https:\/\/lifefm.ec\/index.php\/wp-json\/wp\/v2\/media\/6133"}],"wp:attachment":[{"href":"https:\/\/lifefm.ec\/index.php\/wp-json\/wp\/v2\/media?parent=6132"}],"wp:term":[{"taxonomy":"category","embeddable":true,"href":"https:\/\/lifefm.ec\/index.php\/wp-json\/wp\/v2\/categories?post=6132"},{"taxonomy":"post_tag","embeddable":true,"href":"https:\/\/lifefm.ec\/index.php\/wp-json\/wp\/v2\/tags?post=6132"}],"curies":[{"name":"wp","href":"https:\/\/api.w.org\/{rel}","templated":true}]}}