{"id":6124,"date":"2024-04-15T11:39:16","date_gmt":"2024-04-15T16:39:16","guid":{"rendered":"https:\/\/lifefm.ec\/?p=6124"},"modified":"2024-04-15T11:39:16","modified_gmt":"2024-04-15T16:39:16","slug":"soledad-barberan-sobre-su-regreso-a-noticias-de-la-manana-voy-a-ser-el-nexo-entre-estudio-y-la-gente","status":"publish","type":"post","link":"https:\/\/lifefm.ec\/index.php\/2024\/04\/15\/soledad-barberan-sobre-su-regreso-a-noticias-de-la-manana-voy-a-ser-el-nexo-entre-estudio-y-la-gente\/","title":{"rendered":"SOLEDAD BARBERAN SOBRE SU REGRESO A NOTICIAS DE LA MA\u00d1ANA: VOY A SER EL NEXO ENTRE ESTUDIO Y LA GENTE"},"content":{"rendered":"<blockquote>\n<p class=\"prose-text\" data-mrf-recirculation=\"Links article\">El mi\u00e9rcoles 10 de abril los televidentes ecuatorianos pudieron conocer al nuevo rostro que integrar\u00e1 el equipo de\u00a0<i><b>Noticias de la ma\u00f1ana<\/b><\/i>, que se transmite de lunes a viernes a las 09:30 por la se\u00f1al de\u00a0<i><b>RTS<\/b><\/i><i>,<\/i>\u00a0actualmente integrado por Isaac Delgado, la\u00a0<i>Nena<\/i>\u00a0Guti\u00e9rrez y Jos\u00e9 Luis Ar\u00e9valo.<\/p>\n<p class=\"prose-text\" data-mrf-recirculation=\"Links article\">Se trata de<b>\u00a0Soledad Barber\u00e1n<\/b>, la guayaquile\u00f1a de 31 a\u00f1os de padre manaba y madre guayaca, quien se describe como una persona trabajadora. \u201cDonde haya trabajo est\u00e1 la Sole\u201d, afirma la comunicadora, locutora, maestra de ceremonias, animadora y relacionista p\u00fablica.<\/p>\n<\/blockquote>\n<h2 class=\"\">\u00bfQu\u00e9 sentiste al regresar a\u00a0<i>RTS?<\/i><\/h2>\n<p class=\"prose-text\" data-mrf-recirculation=\"Links article\">Realmente<b>\u00a0me sent\u00ed muy bien recibida, con mucho cari\u00f1o por parte de los compa\u00f1eros que los conoc\u00eda por el mismo medio, pero la verdad nunca hab\u00eda tenido el placer de poder trabajar con ellos. Me sent\u00ed como en casa y muy bienvenida.<\/b><\/p>\n<p class=\"prose-text\" data-mrf-recirculation=\"Links article\">El recibimiento de la gente en las redes sociales tambi\u00e9n me ha dejado feliz. Hoy (jueves 11 de abril), en mi primer d\u00eda oficial me sent\u00ed igual de emocionada y respaldada por el equipo, y guiada por parte de la producci\u00f3n. Siento que es un equipo realmente s\u00f3lido, comunicativo, que est\u00e1 dispuesto a brindarte ayuda y que tambi\u00e9n va a sumar much\u00edsimo a mi crecimiento profesional.<\/p>\n<h2 class=\"\">\u00bfC\u00f3mo se da esta oportunidad de trabajo?<\/h2>\n<p class=\"prose-text\" data-mrf-recirculation=\"Links article\">Yo estaba en un programa de\u00a0<i><b>Telemazonas\u00a0<\/b><\/i>llamado\u00a0<i>Te veo Ecuador,<\/i>\u00a0luego de esto entro a laborar en el noticiario del mismo canal llamado\u00a0<i>24 horas,<\/i>\u00a0pero\u00a0<b>en Semana Santa, me indicaron que yo estaba fuera de la producci\u00f3n por recorte de personal.<\/b>\u00a0Eso fue lo que se me comunic\u00f3.<\/p>\n<div class=\"inline-element\">\n<div>\n<div id=\"active-campaing-form-marcador\"><\/div>\n<\/div>\n<\/div>\n<p class=\"prose-text\" data-mrf-recirculation=\"Links article\"><b>Pr\u00e1cticamente estuve una semana fuera de pantalla sin trabajo, cuando recibo la llamada de<\/b><i><b>\u00a0RTS\u00a0<\/b><\/i><b>y me dicen que hab\u00eda la posibilidad de esta vacante<\/b>, y que si aceptaba ir a una reuni\u00f3n al canal el mi\u00e9rcoles 3 de abril. Ese mismo d\u00eda se finiquit\u00f3 absolutamente todo y ya el jueves me estaban realizando las fotitos para los promocionales.<\/p>\n<h2 class=\"\">\u00bfRegresar\u00edas tambi\u00e9n a la radio?<\/h2>\n<p class=\"prose-text\" data-mrf-recirculation=\"Links article\">Sin duda alguna\u00a0<b>es algo que deseo much\u00edsimo<\/b>, estar nuevamente en la radio y s\u00e9 que lo voy a lograr, hay que decretarlo. M\u00e1s que nada porque\u00a0<b>s\u00e9 que tengo otro p\u00fablico all\u00e1 que est\u00e1 esperando mi regreso, el regreso de Soledad alias la<\/b><i><b>\u00a0Terremoto<\/b><\/i><b>\u00a0(risas). As\u00ed me dicen en el medio radial.<\/b><\/p>\n<p class=\"prose-text\" data-mrf-recirculation=\"Links article\">Yo estuve en un principio en<b>\u00a0<\/b><i><b>Onda Positiva<\/b><\/i>\u00a0y luego estuve casi por dos a\u00f1os en<b>\u00a0radio\u00a0<\/b><i><b>Rumba Network\u00a0<\/b><\/i><b>107.3 FM<\/b>, y ah\u00ed es donde me colocan este seud\u00f3nimo de la<i>\u00a0Terremoto<\/i>\u00a0por mi personalidad extrovertida. Hemos estado en conversaciones, todav\u00eda no se han finiquitado, pero por el tema tambi\u00e9n de horarios estoy tocando puertas ah\u00ed y en otras radios.<\/p>\n<p data-mrf-recirculation=\"Links article\">\n<p data-mrf-recirculation=\"Links article\">F: EL UNIVERSO<\/p>\n<p data-mrf-recirculation=\"Links article\">#Life #LifeNoticias #RadioLife995FM #InformativoLife #Babahoyo #ThiIsLife #SintonizaLaVida<\/p>\n","protected":false},"excerpt":{"rendered":"<p>El mi\u00e9rcoles 10 de abril los televidentes ecuatorianos pudieron conocer al nuevo rostro que integrar\u00e1 el equipo de\u00a0Noticias de la ma\u00f1ana, que se transmite de lunes a viernes a las 09:30 por la se\u00f1al de\u00a0RTS,\u00a0actualmente integrado por Isaac Delgado, la\u00a0Nena\u00a0Guti\u00e9rrez y Jos\u00e9 Luis Ar\u00e9valo. Se trata de\u00a0Soledad Barber\u00e1n, la guayaquile\u00f1a de 31 a\u00f1os de padre [&hellip;]<\/p>\n","protected":false},"author":1,"featured_media":6128,"comment_status":"open","ping_status":"closed","sticky":false,"template":"","format":"standard","meta":{"footnotes":""},"categories":[23],"tags":[],"class_list":["post-6124","post","type-post","status-publish","format-standard","has-post-thumbnail","hentry","category-el-mundo"],"_links":{"self":[{"href":"https:\/\/lifefm.ec\/index.php\/wp-json\/wp\/v2\/posts\/6124","targetHints":{"allow":["GET"]}}],"collection":[{"href":"https:\/\/lifefm.ec\/index.php\/wp-json\/wp\/v2\/posts"}],"about":[{"href":"https:\/\/lifefm.ec\/index.php\/wp-json\/wp\/v2\/types\/post"}],"author":[{"embeddable":true,"href":"https:\/\/lifefm.ec\/index.php\/wp-json\/wp\/v2\/users\/1"}],"replies":[{"embeddable":true,"href":"https:\/\/lifefm.ec\/index.php\/wp-json\/wp\/v2\/comments?post=6124"}],"version-history":[{"count":1,"href":"https:\/\/lifefm.ec\/index.php\/wp-json\/wp\/v2\/posts\/6124\/revisions"}],"predecessor-version":[{"id":6130,"href":"https:\/\/lifefm.ec\/index.php\/wp-json\/wp\/v2\/posts\/6124\/revisions\/6130"}],"wp:featuredmedia":[{"embeddable":true,"href":"https:\/\/lifefm.ec\/index.php\/wp-json\/wp\/v2\/media\/6128"}],"wp:attachment":[{"href":"https:\/\/lifefm.ec\/index.php\/wp-json\/wp\/v2\/media?parent=6124"}],"wp:term":[{"taxonomy":"category","embeddable":true,"href":"https:\/\/lifefm.ec\/index.php\/wp-json\/wp\/v2\/categories?post=6124"},{"taxonomy":"post_tag","embeddable":true,"href":"https:\/\/lifefm.ec\/index.php\/wp-json\/wp\/v2\/tags?post=6124"}],"curies":[{"name":"wp","href":"https:\/\/api.w.org\/{rel}","templated":true}]}}