{"id":6115,"date":"2024-04-15T11:25:23","date_gmt":"2024-04-15T16:25:23","guid":{"rendered":"https:\/\/lifefm.ec\/?p=6115"},"modified":"2024-04-15T11:25:23","modified_gmt":"2024-04-15T16:25:23","slug":"cual-es-la-situacion-actual-entre-israel-e-iran-y-por-que-iran-esta-llevando-a-cabo-ataques-contra-israel","status":"publish","type":"post","link":"https:\/\/lifefm.ec\/index.php\/2024\/04\/15\/cual-es-la-situacion-actual-entre-israel-e-iran-y-por-que-iran-esta-llevando-a-cabo-ataques-contra-israel\/","title":{"rendered":"\u00bfCU\u00c1L ES LA SITUACI\u00d3N ACTUAL ENTRE ISRAEL E IR\u00c1N Y POR QU\u00c9 IR\u00c1N EST\u00c1 LLEVANDO A CABO ATAQUES CONTRA ISRAEL?"},"content":{"rendered":"<blockquote><p>Ir\u00e1n ha consolidado su posici\u00f3n como antagonista de Israel, particularmente despu\u00e9s de los ataques perpetrados por Israel contra la poblaci\u00f3n palestina en la Franja de Gaza.<\/p><\/blockquote>\n<p>En un giro sin precedentes, cientos de drones y misiles fueron lanzados desde Ir\u00e1n hacia Israel el pasado s\u00e1bado, marcando un incremento significativo en las tensiones en Medio Oriente.<\/p>\n<p>Ante esta situaci\u00f3n, el Primer Ministro israel\u00ed, Benjamin Netanyahu, convoc\u00f3 a su gabinete de guerra y se reuni\u00f3 con l\u00edderes internacionales, incluyendo al presidente estadounidense Joe Biden, para coordinar las acciones futuras.<\/p>\n<p>El ministro afirm\u00f3 que los sistemas defensivos israel\u00edes est\u00e1n desplegados y preparados para cualquier eventualidad, tanto en t\u00e9rminos defensivos como ofensivos. Hasta el momento, los esfuerzos conjuntos de Estados Unidos e Israel han logrado interceptar los misiles y drones provenientes de Ir\u00e1n.<\/p>\n<p>La Guardia Revolucionaria iran\u00ed asumi\u00f3 la responsabilidad del ataque del s\u00e1bado, declarando que fue en respuesta al bombardeo del consulado iran\u00ed en Damasco el 1 de abril, en el cual fallecieron siete miembros de la Guardia. Este ataque contra el consulado en Damasco, atribuido a Israel, result\u00f3 en la muerte de siete iran\u00edes y seis sirios, incluidos altos funcionarios de la Guardia Revolucionaria iran\u00ed.<\/p>\n<p>Las autoridades iran\u00edes prometieron una respuesta \u00abdecisiva\u00bb a este ataque sin precedentes contra un edificio diplom\u00e1tico en Siria, donde Ir\u00e1n y sus aliados, enemigos de Israel, respaldan al gobierno de Bashar al Asad. Por su parte, el Ministerio de Defensa sirio inform\u00f3 que el ataque destruy\u00f3 por completo el edificio, causando v\u00edctimas mortales y heridos entre quienes se encontraban en el interior, mientras se llevan a cabo operaciones de rescate.<\/p>\n<p>Este episodio no constituye el primer enfrentamiento de este tipo. En meses recientes, Israel ha intensificado sus ataques contra grupos afiliados al movimiento palestino Ham\u00e1s, que lanz\u00f3 un ataque contra territorio israel\u00ed el pasado 7 de octubre, desencadenando un conflicto en la Franja de Gaza. Ir\u00e1n contin\u00faa respaldando la causa palestina, en medio de los bloqueos fronterizos impuestos por Israel en la Franja de Gaza y el asedio del ej\u00e9rcito israel\u00ed desde octubre.<\/p>\n<p>&nbsp;<\/p>\n<p>F: El Universo<\/p>\n<p>#Life #LifeNoticias #RadioLife995FM #InformativoLife #Babahoyo #ThiIsLife #SintonizaLaVida<\/p>\n","protected":false},"excerpt":{"rendered":"<p>Ir\u00e1n ha consolidado su posici\u00f3n como antagonista de Israel, particularmente despu\u00e9s de los ataques perpetrados por Israel contra la poblaci\u00f3n palestina en la Franja de Gaza. En un giro sin precedentes, cientos de drones y misiles fueron lanzados desde Ir\u00e1n hacia Israel el pasado s\u00e1bado, marcando un incremento significativo en las tensiones en Medio Oriente. [&hellip;]<\/p>\n","protected":false},"author":1,"featured_media":6116,"comment_status":"open","ping_status":"closed","sticky":false,"template":"","format":"standard","meta":{"footnotes":""},"categories":[23],"tags":[],"class_list":["post-6115","post","type-post","status-publish","format-standard","has-post-thumbnail","hentry","category-el-mundo"],"_links":{"self":[{"href":"https:\/\/lifefm.ec\/index.php\/wp-json\/wp\/v2\/posts\/6115","targetHints":{"allow":["GET"]}}],"collection":[{"href":"https:\/\/lifefm.ec\/index.php\/wp-json\/wp\/v2\/posts"}],"about":[{"href":"https:\/\/lifefm.ec\/index.php\/wp-json\/wp\/v2\/types\/post"}],"author":[{"embeddable":true,"href":"https:\/\/lifefm.ec\/index.php\/wp-json\/wp\/v2\/users\/1"}],"replies":[{"embeddable":true,"href":"https:\/\/lifefm.ec\/index.php\/wp-json\/wp\/v2\/comments?post=6115"}],"version-history":[{"count":1,"href":"https:\/\/lifefm.ec\/index.php\/wp-json\/wp\/v2\/posts\/6115\/revisions"}],"predecessor-version":[{"id":6118,"href":"https:\/\/lifefm.ec\/index.php\/wp-json\/wp\/v2\/posts\/6115\/revisions\/6118"}],"wp:featuredmedia":[{"embeddable":true,"href":"https:\/\/lifefm.ec\/index.php\/wp-json\/wp\/v2\/media\/6116"}],"wp:attachment":[{"href":"https:\/\/lifefm.ec\/index.php\/wp-json\/wp\/v2\/media?parent=6115"}],"wp:term":[{"taxonomy":"category","embeddable":true,"href":"https:\/\/lifefm.ec\/index.php\/wp-json\/wp\/v2\/categories?post=6115"},{"taxonomy":"post_tag","embeddable":true,"href":"https:\/\/lifefm.ec\/index.php\/wp-json\/wp\/v2\/tags?post=6115"}],"curies":[{"name":"wp","href":"https:\/\/api.w.org\/{rel}","templated":true}]}}