{"id":6111,"date":"2024-04-15T11:13:58","date_gmt":"2024-04-15T16:13:58","guid":{"rendered":"https:\/\/lifefm.ec\/?p=6111"},"modified":"2024-04-15T11:13:58","modified_gmt":"2024-04-15T16:13:58","slug":"la-onu-expresa-su-rechazo-al-ataque-aereo-de-iran-contra-israel","status":"publish","type":"post","link":"https:\/\/lifefm.ec\/index.php\/2024\/04\/15\/la-onu-expresa-su-rechazo-al-ataque-aereo-de-iran-contra-israel\/","title":{"rendered":"LA ONU EXPRESA SU RECHAZO AL ATAQUE A\u00c9REO DE IR\u00c1N CONTRA ISRAEL"},"content":{"rendered":"<blockquote><p>Varios pa\u00edses, especialmente Estados Unidos, han expresado su rechazo al ataque reciente. El secretario general de la Organizaci\u00f3n de las Naciones Unidas (ONU), Ant\u00f3nio Guterres, conden\u00f3 en\u00e9rgicamente el ataque con drones perpetrado por Ir\u00e1n contra Israel este s\u00e1bado, calific\u00e1ndolo como una grave escalada.<\/p><\/blockquote>\n<p>Guterres inst\u00f3 a todas las partes involucradas a evitar una conflagraci\u00f3n regional devastadora, se\u00f1alando su profunda preocupaci\u00f3n por el riesgo real de una escalada en Oriente Medio.<\/p>\n<p>El ataque de hoy fue justificado por Ir\u00e1n como represalia por un incidente ocurrido el 1 de abril contra su consulado en Damasco, que fue atribuido a Israel. En ese entonces, el secretario general tambi\u00e9n conden\u00f3 el ataque, aunque no mencion\u00f3 directamente a Israel debido a su pol\u00edtica de no reconocer abiertamente los ataques extraterritoriales.<\/p>\n<p>Hasta el momento, el Consejo de Seguridad de la ONU, el principal \u00f3rgano encargado de mantener la paz y seguridad mundial, no ha emitido ning\u00fan comunicado ni ha convocado una sesi\u00f3n urgente, a pesar de que suele hacerlo ante incidentes de esta naturaleza.<\/p>\n<p>&nbsp;<\/p>\n<p>F: El Universo<\/p>\n<p>#Life #LifeNoticias #RadioLife995FM #InformativoLife #Babahoyo #ThiIsLife #SintonizaLaVida<\/p>\n","protected":false},"excerpt":{"rendered":"<p>Varios pa\u00edses, especialmente Estados Unidos, han expresado su rechazo al ataque reciente. El secretario general de la Organizaci\u00f3n de las Naciones Unidas (ONU), Ant\u00f3nio Guterres, conden\u00f3 en\u00e9rgicamente el ataque con drones perpetrado por Ir\u00e1n contra Israel este s\u00e1bado, calific\u00e1ndolo como una grave escalada. Guterres inst\u00f3 a todas las partes involucradas a evitar una conflagraci\u00f3n regional [&hellip;]<\/p>\n","protected":false},"author":1,"featured_media":6112,"comment_status":"open","ping_status":"closed","sticky":false,"template":"","format":"standard","meta":{"footnotes":""},"categories":[23],"tags":[],"class_list":["post-6111","post","type-post","status-publish","format-standard","has-post-thumbnail","hentry","category-el-mundo"],"_links":{"self":[{"href":"https:\/\/lifefm.ec\/index.php\/wp-json\/wp\/v2\/posts\/6111","targetHints":{"allow":["GET"]}}],"collection":[{"href":"https:\/\/lifefm.ec\/index.php\/wp-json\/wp\/v2\/posts"}],"about":[{"href":"https:\/\/lifefm.ec\/index.php\/wp-json\/wp\/v2\/types\/post"}],"author":[{"embeddable":true,"href":"https:\/\/lifefm.ec\/index.php\/wp-json\/wp\/v2\/users\/1"}],"replies":[{"embeddable":true,"href":"https:\/\/lifefm.ec\/index.php\/wp-json\/wp\/v2\/comments?post=6111"}],"version-history":[{"count":1,"href":"https:\/\/lifefm.ec\/index.php\/wp-json\/wp\/v2\/posts\/6111\/revisions"}],"predecessor-version":[{"id":6113,"href":"https:\/\/lifefm.ec\/index.php\/wp-json\/wp\/v2\/posts\/6111\/revisions\/6113"}],"wp:featuredmedia":[{"embeddable":true,"href":"https:\/\/lifefm.ec\/index.php\/wp-json\/wp\/v2\/media\/6112"}],"wp:attachment":[{"href":"https:\/\/lifefm.ec\/index.php\/wp-json\/wp\/v2\/media?parent=6111"}],"wp:term":[{"taxonomy":"category","embeddable":true,"href":"https:\/\/lifefm.ec\/index.php\/wp-json\/wp\/v2\/categories?post=6111"},{"taxonomy":"post_tag","embeddable":true,"href":"https:\/\/lifefm.ec\/index.php\/wp-json\/wp\/v2\/tags?post=6111"}],"curies":[{"name":"wp","href":"https:\/\/api.w.org\/{rel}","templated":true}]}}