{"id":6049,"date":"2024-04-12T12:54:26","date_gmt":"2024-04-12T17:54:26","guid":{"rendered":"https:\/\/lifefm.ec\/?p=6049"},"modified":"2024-04-12T12:54:26","modified_gmt":"2024-04-12T17:54:26","slug":"este-viernes-12-de-abril-se-celebra-un-feriado-en-cuenca","status":"publish","type":"post","link":"https:\/\/lifefm.ec\/index.php\/2024\/04\/12\/este-viernes-12-de-abril-se-celebra-un-feriado-en-cuenca\/","title":{"rendered":"ESTE VIERNES 12 DE ABRIL SE CELEBRA UN FERIADO EN CUENCA"},"content":{"rendered":"<blockquote><p>El 1 de diciembre de 1999, Cuenca fue oficialmente designada como Patrimonio Cultural de la Humanidad. Hoy, en conmemoraci\u00f3n de su fundaci\u00f3n, la ciudad se viste de gala con una variada programaci\u00f3n de eventos que se extienden a lo largo de abril.<\/p><\/blockquote>\n<p>El origen de Cuenca se remonta al 12 de abril de 1557, cuando bajo la orden del virrey del Per\u00fa Andr\u00e9s Hurtado de Mendoza, Gil Ram\u00edrez D\u00e1valos, junto a un grupo de espa\u00f1oles y caciques locales, se fund\u00f3 la ciudad con el nombre de Santa Ana de los r\u00edos de Cuenca.<\/p>\n<p>Este a\u00f1o, la fecha coincidi\u00f3 con un viernes, brindando a la ciudad un d\u00eda festivo adicional. Las festividades comenzaron el jueves con un vibrante desfile estudiantil.<\/p>\n<p>En el desfile de este a\u00f1o, los estudiantes rindieron homenaje a destacadas mujeres cuencanas como La Chola Cuencana, la chef Carolina S\u00e1nchez, y Juana Estrella. Diecisiete instituciones educativas participaron en este colorido evento, que parti\u00f3 del Parque de San Blas y recorri\u00f3 el Centro Hist\u00f3rico de la \u00abAtenas del Ecuador\u00bb.<\/p>\n<p>&nbsp;<\/p>\n<p>F: El Universo<\/p>\n<p>#Life #LifeNoticias #RadioLife995FM #InformativoLife #Babahoyo #ThiIsLife #SintonizaLaVida<\/p>\n","protected":false},"excerpt":{"rendered":"<p>El 1 de diciembre de 1999, Cuenca fue oficialmente designada como Patrimonio Cultural de la Humanidad. Hoy, en conmemoraci\u00f3n de su fundaci\u00f3n, la ciudad se viste de gala con una variada programaci\u00f3n de eventos que se extienden a lo largo de abril. El origen de Cuenca se remonta al 12 de abril de 1557, cuando [&hellip;]<\/p>\n","protected":false},"author":1,"featured_media":6050,"comment_status":"open","ping_status":"closed","sticky":false,"template":"","format":"standard","meta":{"footnotes":""},"categories":[23],"tags":[],"class_list":["post-6049","post","type-post","status-publish","format-standard","has-post-thumbnail","hentry","category-el-mundo"],"_links":{"self":[{"href":"https:\/\/lifefm.ec\/index.php\/wp-json\/wp\/v2\/posts\/6049","targetHints":{"allow":["GET"]}}],"collection":[{"href":"https:\/\/lifefm.ec\/index.php\/wp-json\/wp\/v2\/posts"}],"about":[{"href":"https:\/\/lifefm.ec\/index.php\/wp-json\/wp\/v2\/types\/post"}],"author":[{"embeddable":true,"href":"https:\/\/lifefm.ec\/index.php\/wp-json\/wp\/v2\/users\/1"}],"replies":[{"embeddable":true,"href":"https:\/\/lifefm.ec\/index.php\/wp-json\/wp\/v2\/comments?post=6049"}],"version-history":[{"count":1,"href":"https:\/\/lifefm.ec\/index.php\/wp-json\/wp\/v2\/posts\/6049\/revisions"}],"predecessor-version":[{"id":6051,"href":"https:\/\/lifefm.ec\/index.php\/wp-json\/wp\/v2\/posts\/6049\/revisions\/6051"}],"wp:featuredmedia":[{"embeddable":true,"href":"https:\/\/lifefm.ec\/index.php\/wp-json\/wp\/v2\/media\/6050"}],"wp:attachment":[{"href":"https:\/\/lifefm.ec\/index.php\/wp-json\/wp\/v2\/media?parent=6049"}],"wp:term":[{"taxonomy":"category","embeddable":true,"href":"https:\/\/lifefm.ec\/index.php\/wp-json\/wp\/v2\/categories?post=6049"},{"taxonomy":"post_tag","embeddable":true,"href":"https:\/\/lifefm.ec\/index.php\/wp-json\/wp\/v2\/tags?post=6049"}],"curies":[{"name":"wp","href":"https:\/\/api.w.org\/{rel}","templated":true}]}}