{"id":6025,"date":"2024-04-12T11:08:26","date_gmt":"2024-04-12T16:08:26","guid":{"rendered":"https:\/\/lifefm.ec\/?p=6025"},"modified":"2024-04-12T11:08:26","modified_gmt":"2024-04-12T16:08:26","slug":"iran-es-responsabilizado-por-la-justicia-por-los-ataques-a-la-comunidad-judia-en-argentina-en-1992-y-1994","status":"publish","type":"post","link":"https:\/\/lifefm.ec\/index.php\/2024\/04\/12\/iran-es-responsabilizado-por-la-justicia-por-los-ataques-a-la-comunidad-judia-en-argentina-en-1992-y-1994\/","title":{"rendered":"IR\u00c1N ES RESPONSABILIZADO POR LA JUSTICIA POR LOS ATAQUES A LA COMUNIDAD JUD\u00cdA EN ARGENTINA EN 1992 Y 1994"},"content":{"rendered":"<blockquote><p>La justicia argentina emiti\u00f3 un fallo el jueves determinando que los atentados a la embajada de Israel en 1992 y a la mutual israelita AMIA en 1994, que resultaron en aproximadamente un centenar de v\u00edctimas, fueron ordenados por Ir\u00e1n.<\/p><\/blockquote>\n<p>Este fallo, considerado \u00abhist\u00f3rico\u00bb por la comunidad jud\u00eda, tambi\u00e9n identific\u00f3 al movimiento chiita Hezbol\u00e1 como el perpetrador y declar\u00f3 a Ir\u00e1n como un \u00abEstado terrorista\u00bb. El atentado a la AMIA fue calificado como un \u00abcrimen de lesa humanidad\u00bb.<\/p>\n<p>Seg\u00fan el documento citado por la prensa, el juez Carlos Mahiques, uno de los tres magistrados firmantes, afirm\u00f3 que \u00abHezbol\u00e1 ejecut\u00f3 una operaci\u00f3n que respond\u00eda a un designio pol\u00edtico, ideol\u00f3gico, revolucionario y bajo el mandato de un gobierno, de un Estado\u00bb. Jorge Knoblovitz, presidente de la Delegaci\u00f3n de Asociaciones Israelitas Argentinas, lo describi\u00f3 como un fallo \u00abhist\u00f3rico\u00bb que tambi\u00e9n podr\u00eda abrir la puerta a una demanda ante la Corte Penal Internacional debido a la designaci\u00f3n de Ir\u00e1n como un estado terrorista.<\/p>\n<p>La decisi\u00f3n de los jueces Mahiques, \u00c1ngela Ledesma y Diego Barroetave\u00f1a se enmarca en un fallo paralelo emitido tambi\u00e9n ese mismo jueves, que revisa las irregularidades ocurridas durante la investigaci\u00f3n. En dicho fallo se ratifica la absoluci\u00f3n de Carlos Telleld\u00edn, el primer detenido por el atentado a la AMIA, as\u00ed como las condenas por las irregularidades en la investigaci\u00f3n, aunque algunas penas se redujeron, incluida la del exjuez Juan Jos\u00e9 Galeano.<\/p>\n<p>Este fallo paralelo, de 711 p\u00e1ginas, analiza el contexto geopol\u00edtico de ambos atentados y se\u00f1ala que su motivaci\u00f3n, aunque no la \u00fanica, estuvo relacionada con la pol\u00edtica exterior del entonces presidente Carlos Menem (1989-1999).<\/p>\n<p>Argentina sufri\u00f3 dos devastadores atentados en Buenos Aires: el primero, en 1992 contra la embajada de Israel, que dej\u00f3 29 muertos, y el segundo, en 1994 contra la AMIA, que result\u00f3 en la p\u00e9rdida de otras 85 vidas, convirti\u00e9ndose en el peor atentado en la historia del pa\u00eds.<\/p>\n<p>En 2006, fiscales argentinos acusaron al grupo proiran\u00ed Hezbol\u00e1 de perpetrar el ataque a la AMIA y a funcionarios iran\u00edes de ordenarlo, una acusaci\u00f3n que Teher\u00e1n ha negado. A la fecha, no se han realizado arrestos por este caso, que sigue sin resolverse, y hasta ahora los motivos detr\u00e1s del ataque no se hab\u00edan esclarecido. Ir\u00e1n ha negado toda implicaci\u00f3n en los hechos.<\/p>\n<p>La investigaci\u00f3n judicial ha se\u00f1alado a los principales sospechosos del ataque como miembros del gobierno iran\u00ed en ese momento, incluyendo al expresidente Ali Rafsanjani. Sin embargo, el caso ha estado plagado de denuncias por desv\u00edo de pistas, condenas por encubrimiento y procesos anulados.<\/p>\n<p>Un juicio sobre el atentado a la AMIA concluy\u00f3 en 2019 con penas leves para funcionarios judiciales y del gobierno del expresidente Menem, declarados culpables de \u00abencubrimiento\u00bb del ataque, aunque no se determinaron las razones detr\u00e1s del ocultamiento de pruebas ni la desviaci\u00f3n de las investigaciones cometidas por los encubridores.<\/p>\n<p>Con alrededor de 300,000 personas, la comunidad jud\u00eda de Argentina es la m\u00e1s grande de Am\u00e9rica Latina.<\/p>\n<p>&nbsp;<\/p>\n<p>F: El Universo<\/p>\n<p>#Life #LifeNoticias #RadioLife995FM #InformativoLife #Babahoyo #ThiIsLife #SintonizaLaVida<\/p>\n","protected":false},"excerpt":{"rendered":"<p>La justicia argentina emiti\u00f3 un fallo el jueves determinando que los atentados a la embajada de Israel en 1992 y a la mutual israelita AMIA en 1994, que resultaron en aproximadamente un centenar de v\u00edctimas, fueron ordenados por Ir\u00e1n. Este fallo, considerado \u00abhist\u00f3rico\u00bb por la comunidad jud\u00eda, tambi\u00e9n identific\u00f3 al movimiento chiita Hezbol\u00e1 como el [&hellip;]<\/p>\n","protected":false},"author":1,"featured_media":6026,"comment_status":"open","ping_status":"closed","sticky":false,"template":"","format":"standard","meta":{"footnotes":""},"categories":[23],"tags":[],"class_list":["post-6025","post","type-post","status-publish","format-standard","has-post-thumbnail","hentry","category-el-mundo"],"_links":{"self":[{"href":"https:\/\/lifefm.ec\/index.php\/wp-json\/wp\/v2\/posts\/6025","targetHints":{"allow":["GET"]}}],"collection":[{"href":"https:\/\/lifefm.ec\/index.php\/wp-json\/wp\/v2\/posts"}],"about":[{"href":"https:\/\/lifefm.ec\/index.php\/wp-json\/wp\/v2\/types\/post"}],"author":[{"embeddable":true,"href":"https:\/\/lifefm.ec\/index.php\/wp-json\/wp\/v2\/users\/1"}],"replies":[{"embeddable":true,"href":"https:\/\/lifefm.ec\/index.php\/wp-json\/wp\/v2\/comments?post=6025"}],"version-history":[{"count":1,"href":"https:\/\/lifefm.ec\/index.php\/wp-json\/wp\/v2\/posts\/6025\/revisions"}],"predecessor-version":[{"id":6028,"href":"https:\/\/lifefm.ec\/index.php\/wp-json\/wp\/v2\/posts\/6025\/revisions\/6028"}],"wp:featuredmedia":[{"embeddable":true,"href":"https:\/\/lifefm.ec\/index.php\/wp-json\/wp\/v2\/media\/6026"}],"wp:attachment":[{"href":"https:\/\/lifefm.ec\/index.php\/wp-json\/wp\/v2\/media?parent=6025"}],"wp:term":[{"taxonomy":"category","embeddable":true,"href":"https:\/\/lifefm.ec\/index.php\/wp-json\/wp\/v2\/categories?post=6025"},{"taxonomy":"post_tag","embeddable":true,"href":"https:\/\/lifefm.ec\/index.php\/wp-json\/wp\/v2\/tags?post=6025"}],"curies":[{"name":"wp","href":"https:\/\/api.w.org\/{rel}","templated":true}]}}