{"id":6020,"date":"2024-04-12T10:47:14","date_gmt":"2024-04-12T15:47:14","guid":{"rendered":"https:\/\/lifefm.ec\/?p=6020"},"modified":"2024-04-12T10:47:14","modified_gmt":"2024-04-12T15:47:14","slug":"el-papa-francisco-viajara-a-indonesia-timor-oriental-singapur-y-papua-nueva-guinea-en-septiembre","status":"publish","type":"post","link":"https:\/\/lifefm.ec\/index.php\/2024\/04\/12\/el-papa-francisco-viajara-a-indonesia-timor-oriental-singapur-y-papua-nueva-guinea-en-septiembre\/","title":{"rendered":"EL PAPA FRANCISCO VIAJAR\u00c1 A INDONESIA, TIMOR ORIENTAL, SINGAPUR Y PAP\u00daA NUEVA GUINEA EN SEPTIEMBRE"},"content":{"rendered":"<blockquote><p>El Vaticano anunci\u00f3 que el papa Francisco realizar\u00e1 su viaje m\u00e1s extenso desde su elecci\u00f3n en 2013, visitando Indonesia, Pap\u00faa Nueva Guinea, Timor Oriental y Singapur del 2 al 13 de septiembre.<\/p><\/blockquote>\n<p>El pont\u00edfice argentino, de 87 a\u00f1os, afrontar\u00e1 este desaf\u00edo tras enfrentar problemas de salud que lo llevaron a cancelar compromisos recientemente. La gira de 30.000 kil\u00f3metros comenzar\u00e1 en Yakarta del 3 al 6 de junio, luego continuar\u00e1 por Pap\u00faa, Dili y Singapur, seg\u00fan inform\u00f3 Matteo Bruni, director del servicio de prensa del Vaticano.<\/p>\n<p>La noticia llega despu\u00e9s de nuevas preocupaciones sobre la salud del papa, quien se desplaza en silla de ruedas desde hace dos a\u00f1os debido a problemas en las rodillas, la cadera, el colon y dificultades respiratorias.<\/p>\n<p>El itinerario descarta la visita de Francisco a Ecuador, aunque anteriormente se hab\u00eda mencionado la posibilidad. La gira implica m\u00e1s de 30 horas de vuelo y un desfase horario de ocho, adem\u00e1s de encuentros y misas.<\/p>\n<p>La visita tiene un significado especial para los pa\u00edses visitados, como Indonesia, con la mayor poblaci\u00f3n musulmana del mundo, y Timor Oriental, de mayor\u00eda cat\u00f3lica.<\/p>\n<p>Aunque el papa ha expresado su deseo de visitar Argentina, su pa\u00eds natal, el Vaticano no ha confirmado ni establecido una fecha para ello. Adem\u00e1s, tiene programados tres viajes dentro de Italia, incluido uno a Venecia el 28 de abril.<\/p>\n<p>Desde su elecci\u00f3n, Francisco ha realizado 44 viajes al extranjero, a pesar de haber enfrentado una importante operaci\u00f3n abdominal en 2023 y episodios de bronquitis que lo obligaron a cancelar compromisos.<\/p>\n<p>&nbsp;<\/p>\n<p>&nbsp;<\/p>\n<p>F: El Universo<\/p>\n<p>#Life #LifeNoticias #RadioLife995FM #InformativoLife #Babahoyo #ThiIsLife #SintonizaLaVida<\/p>\n","protected":false},"excerpt":{"rendered":"<p>El Vaticano anunci\u00f3 que el papa Francisco realizar\u00e1 su viaje m\u00e1s extenso desde su elecci\u00f3n en 2013, visitando Indonesia, Pap\u00faa Nueva Guinea, Timor Oriental y Singapur del 2 al 13 de septiembre. El pont\u00edfice argentino, de 87 a\u00f1os, afrontar\u00e1 este desaf\u00edo tras enfrentar problemas de salud que lo llevaron a cancelar compromisos recientemente. La gira [&hellip;]<\/p>\n","protected":false},"author":1,"featured_media":6021,"comment_status":"open","ping_status":"closed","sticky":false,"template":"","format":"standard","meta":{"footnotes":""},"categories":[23],"tags":[],"class_list":["post-6020","post","type-post","status-publish","format-standard","has-post-thumbnail","hentry","category-el-mundo"],"_links":{"self":[{"href":"https:\/\/lifefm.ec\/index.php\/wp-json\/wp\/v2\/posts\/6020","targetHints":{"allow":["GET"]}}],"collection":[{"href":"https:\/\/lifefm.ec\/index.php\/wp-json\/wp\/v2\/posts"}],"about":[{"href":"https:\/\/lifefm.ec\/index.php\/wp-json\/wp\/v2\/types\/post"}],"author":[{"embeddable":true,"href":"https:\/\/lifefm.ec\/index.php\/wp-json\/wp\/v2\/users\/1"}],"replies":[{"embeddable":true,"href":"https:\/\/lifefm.ec\/index.php\/wp-json\/wp\/v2\/comments?post=6020"}],"version-history":[{"count":1,"href":"https:\/\/lifefm.ec\/index.php\/wp-json\/wp\/v2\/posts\/6020\/revisions"}],"predecessor-version":[{"id":6022,"href":"https:\/\/lifefm.ec\/index.php\/wp-json\/wp\/v2\/posts\/6020\/revisions\/6022"}],"wp:featuredmedia":[{"embeddable":true,"href":"https:\/\/lifefm.ec\/index.php\/wp-json\/wp\/v2\/media\/6021"}],"wp:attachment":[{"href":"https:\/\/lifefm.ec\/index.php\/wp-json\/wp\/v2\/media?parent=6020"}],"wp:term":[{"taxonomy":"category","embeddable":true,"href":"https:\/\/lifefm.ec\/index.php\/wp-json\/wp\/v2\/categories?post=6020"},{"taxonomy":"post_tag","embeddable":true,"href":"https:\/\/lifefm.ec\/index.php\/wp-json\/wp\/v2\/tags?post=6020"}],"curies":[{"name":"wp","href":"https:\/\/api.w.org\/{rel}","templated":true}]}}