{"id":6014,"date":"2024-04-12T10:25:33","date_gmt":"2024-04-12T15:25:33","guid":{"rendered":"https:\/\/lifefm.ec\/?p=6014"},"modified":"2024-04-12T10:25:33","modified_gmt":"2024-04-12T15:25:33","slug":"tension-diplomatica-entre-mexico-y-ecuador-asi-es-lo-que-se-conoce-hasta-este-viernes-12-de-abril","status":"publish","type":"post","link":"https:\/\/lifefm.ec\/index.php\/2024\/04\/12\/tension-diplomatica-entre-mexico-y-ecuador-asi-es-lo-que-se-conoce-hasta-este-viernes-12-de-abril\/","title":{"rendered":"TENSI\u00d3N DIPLOM\u00c1TICA ENTRE M\u00c9XICO Y ECUADOR: AS\u00cd ES LO QUE SE CONOCE HASTA ESTE VIERNES 12 DE ABRIL"},"content":{"rendered":"<blockquote><p>Ecuador argumenta que no es v\u00e1lido otorgar asilo diplom\u00e1tico a individuos con condenas por delitos comunes. Tras una resoluci\u00f3n de la Organizaci\u00f3n de Estados Americanos que inst\u00f3 a Ecuador y a otros pa\u00edses a no interferir en los asuntos internos del Estado receptor, M\u00e9xico sigue presionando por sanciones contra Ecuador.<\/p><\/blockquote>\n<p>El viernes 5 de abril, fuerzas ecuatorianas entraron a la embajada mexicana en Ecuador para arrestar al exvicepresidente Jorge Glas, a quien M\u00e9xico hab\u00eda otorgado asilo. A pesar de esto, Ecuador se neg\u00f3 a emitir un salvoconducto para permitir su salida. El impasse se intensific\u00f3 cuando Ecuador declar\u00f3 persona non grata a la embajadora mexicana luego de comentarios del presidente Andr\u00e9s Manuel L\u00f3pez Obrador sobre un incidente anterior.<\/p>\n<p>En respuesta, el gobierno mexicano rompi\u00f3 relaciones diplom\u00e1ticas con Ecuador y la canciller Alicia B\u00e1rcena est\u00e1 preparando una demanda para presentar en la Corte Internacional de Justicia.<\/p>\n<p>El martes 9 de abril, el presidente L\u00f3pez Obrador mostr\u00f3 im\u00e1genes desde el interior de la embajada en Quito que mostraban a Jorge Glas siendo llevado por fuerzas ecuatorianas.<\/p>\n<p>Hasta el viernes 12 de abril, se sabe que el Gobierno de M\u00e9xico acus\u00f3 a Ecuador de intervenir las comunicaciones de la embajada mexicana en Quito, violando la Convenci\u00f3n de Viena sobre relaciones diplom\u00e1ticas, seg\u00fan Alejandro Celorio, consultor jur\u00eddico de la Secretar\u00eda de Relaciones Exteriores (SRE).<\/p>\n<p>Adem\u00e1s, se espera la resoluci\u00f3n de la audiencia de habeas corpus para Jorge Glas. La cumbre de la Celac con los mandatarios de pa\u00edses miembros, que estaba programada para el viernes, se pospuso para el martes.<\/p>\n<p>&nbsp;<\/p>\n<p>F: El Universo<\/p>\n<p>#Life #LifeNoticias #RadioLife995FM #InformativoLife #Babahoyo #ThiIsLife #SintonizaLaVida<\/p>\n","protected":false},"excerpt":{"rendered":"<p>Ecuador argumenta que no es v\u00e1lido otorgar asilo diplom\u00e1tico a individuos con condenas por delitos comunes. Tras una resoluci\u00f3n de la Organizaci\u00f3n de Estados Americanos que inst\u00f3 a Ecuador y a otros pa\u00edses a no interferir en los asuntos internos del Estado receptor, M\u00e9xico sigue presionando por sanciones contra Ecuador. El viernes 5 de abril, [&hellip;]<\/p>\n","protected":false},"author":1,"featured_media":6015,"comment_status":"open","ping_status":"closed","sticky":false,"template":"","format":"standard","meta":{"footnotes":""},"categories":[23],"tags":[],"class_list":["post-6014","post","type-post","status-publish","format-standard","has-post-thumbnail","hentry","category-el-mundo"],"_links":{"self":[{"href":"https:\/\/lifefm.ec\/index.php\/wp-json\/wp\/v2\/posts\/6014","targetHints":{"allow":["GET"]}}],"collection":[{"href":"https:\/\/lifefm.ec\/index.php\/wp-json\/wp\/v2\/posts"}],"about":[{"href":"https:\/\/lifefm.ec\/index.php\/wp-json\/wp\/v2\/types\/post"}],"author":[{"embeddable":true,"href":"https:\/\/lifefm.ec\/index.php\/wp-json\/wp\/v2\/users\/1"}],"replies":[{"embeddable":true,"href":"https:\/\/lifefm.ec\/index.php\/wp-json\/wp\/v2\/comments?post=6014"}],"version-history":[{"count":1,"href":"https:\/\/lifefm.ec\/index.php\/wp-json\/wp\/v2\/posts\/6014\/revisions"}],"predecessor-version":[{"id":6017,"href":"https:\/\/lifefm.ec\/index.php\/wp-json\/wp\/v2\/posts\/6014\/revisions\/6017"}],"wp:featuredmedia":[{"embeddable":true,"href":"https:\/\/lifefm.ec\/index.php\/wp-json\/wp\/v2\/media\/6015"}],"wp:attachment":[{"href":"https:\/\/lifefm.ec\/index.php\/wp-json\/wp\/v2\/media?parent=6014"}],"wp:term":[{"taxonomy":"category","embeddable":true,"href":"https:\/\/lifefm.ec\/index.php\/wp-json\/wp\/v2\/categories?post=6014"},{"taxonomy":"post_tag","embeddable":true,"href":"https:\/\/lifefm.ec\/index.php\/wp-json\/wp\/v2\/tags?post=6014"}],"curies":[{"name":"wp","href":"https:\/\/api.w.org\/{rel}","templated":true}]}}