{"id":5994,"date":"2024-04-11T12:57:08","date_gmt":"2024-04-11T17:57:08","guid":{"rendered":"https:\/\/lifefm.ec\/?p=5994"},"modified":"2024-04-11T12:57:08","modified_gmt":"2024-04-11T17:57:08","slug":"bogota-inicia-este-jueves-racionamiento-de-agua-debido-a-escasez-en-embalses","status":"publish","type":"post","link":"https:\/\/lifefm.ec\/index.php\/2024\/04\/11\/bogota-inicia-este-jueves-racionamiento-de-agua-debido-a-escasez-en-embalses\/","title":{"rendered":"BOGOT\u00c1 INICIA ESTE JUEVES RACIONAMIENTO DE AGUA DEBIDO A ESCASEZ EN EMBALSES"},"content":{"rendered":"<blockquote><p>Desde este jueves 11 de abril, Bogot\u00e1 y algunos municipios cercanos iniciar\u00e1n un plan de racionamiento de agua debido a la baja disponibilidad en los embalses que abastecen a la ciudad.<\/p><\/blockquote>\n<p>El lunes, las autoridades de la capital colombiana atribuyeron esta situaci\u00f3n al fen\u00f3meno de El Ni\u00f1o. El alcalde Carlos Fernando Gal\u00e1n declar\u00f3 la necesidad de \u00abadoptar medidas restrictivas para asegurar que el suministro de agua en Bogot\u00e1 sea suficiente para todos\u00bb.<\/p>\n<p>En un sobrevuelo realizado el mi\u00e9rcoles sobre el embalse San Rafael, Gal\u00e1n expres\u00f3 su preocupaci\u00f3n al constatar que este presenta el nivel m\u00e1s bajo registrado desde su inicio de operaciones.<\/p>\n<p>Gal\u00e1n detall\u00f3 que el embalse Chuza cuenta con 35.91 millones de metros c\u00fabicos, experimentando una reducci\u00f3n de 200,000 metros c\u00fabicos en el \u00faltimo d\u00eda. Mientras que el embalse San Rafael tiene 12.380.000 metros c\u00fabicos, con una disminuci\u00f3n de 20.000 metros c\u00fabicos, y el sistema Chingaza ha perdido 220.000 metros c\u00fabicos entre el lunes y el martes.<\/p>\n<p>El consumo de agua en Bogot\u00e1 se redujo el pasado martes en comparaci\u00f3n con el lunes, cuando se anunciaron los racionamientos. La ciudad busca reducir su consumo diario a 15 metros c\u00fabicos por segundo.<\/p>\n<p>En enero, la escasez de lluvias provoc\u00f3 cientos de incendios forestales en Colombia, afectando unas 17.100 hect\u00e1reas de bosque. En la capital, los cerros orientales ardieron durante varios d\u00edas.<\/p>\n<p>Los cortes de agua en Bogot\u00e1 se realizar\u00e1n por sectores durante 24 horas, con excepci\u00f3n de una localidad. La alcald\u00eda revisar\u00e1 la necesidad de extender el racionamiento en dos semanas, con el objetivo de reducir el consumo de agua en los hogares en un 11%.<\/p>\n<p>Recomendaciones para el ahorro de agua incluyen tomar duchas de no m\u00e1s de cinco minutos, usar un vaso para el cepillado de dientes, cerrar la llave al afeitarse, enjabonarse o aplicar champ\u00fa, utilizar la lavadora con carga completa, recoger el agua fr\u00eda de la ducha mientras se calienta, regar las plantas con un atomizador y lavar el carro con baldes en lugar de utilizar chorros de agua.<\/p>\n<p>&nbsp;<\/p>\n<p>F: El Universo<\/p>\n<p>#Life #LifeNoticias #RadioLife995FM #InformativoLife #Babahoyo #ThiIsLife #SintonizaLaVida<\/p>\n","protected":false},"excerpt":{"rendered":"<p>Desde este jueves 11 de abril, Bogot\u00e1 y algunos municipios cercanos iniciar\u00e1n un plan de racionamiento de agua debido a la baja disponibilidad en los embalses que abastecen a la ciudad. El lunes, las autoridades de la capital colombiana atribuyeron esta situaci\u00f3n al fen\u00f3meno de El Ni\u00f1o. El alcalde Carlos Fernando Gal\u00e1n declar\u00f3 la necesidad [&hellip;]<\/p>\n","protected":false},"author":1,"featured_media":5995,"comment_status":"open","ping_status":"closed","sticky":false,"template":"","format":"standard","meta":{"footnotes":""},"categories":[23],"tags":[],"class_list":["post-5994","post","type-post","status-publish","format-standard","has-post-thumbnail","hentry","category-el-mundo"],"_links":{"self":[{"href":"https:\/\/lifefm.ec\/index.php\/wp-json\/wp\/v2\/posts\/5994","targetHints":{"allow":["GET"]}}],"collection":[{"href":"https:\/\/lifefm.ec\/index.php\/wp-json\/wp\/v2\/posts"}],"about":[{"href":"https:\/\/lifefm.ec\/index.php\/wp-json\/wp\/v2\/types\/post"}],"author":[{"embeddable":true,"href":"https:\/\/lifefm.ec\/index.php\/wp-json\/wp\/v2\/users\/1"}],"replies":[{"embeddable":true,"href":"https:\/\/lifefm.ec\/index.php\/wp-json\/wp\/v2\/comments?post=5994"}],"version-history":[{"count":1,"href":"https:\/\/lifefm.ec\/index.php\/wp-json\/wp\/v2\/posts\/5994\/revisions"}],"predecessor-version":[{"id":5996,"href":"https:\/\/lifefm.ec\/index.php\/wp-json\/wp\/v2\/posts\/5994\/revisions\/5996"}],"wp:featuredmedia":[{"embeddable":true,"href":"https:\/\/lifefm.ec\/index.php\/wp-json\/wp\/v2\/media\/5995"}],"wp:attachment":[{"href":"https:\/\/lifefm.ec\/index.php\/wp-json\/wp\/v2\/media?parent=5994"}],"wp:term":[{"taxonomy":"category","embeddable":true,"href":"https:\/\/lifefm.ec\/index.php\/wp-json\/wp\/v2\/categories?post=5994"},{"taxonomy":"post_tag","embeddable":true,"href":"https:\/\/lifefm.ec\/index.php\/wp-json\/wp\/v2\/tags?post=5994"}],"curies":[{"name":"wp","href":"https:\/\/api.w.org\/{rel}","templated":true}]}}