{"id":5981,"date":"2024-04-11T12:13:32","date_gmt":"2024-04-11T17:13:32","guid":{"rendered":"https:\/\/lifefm.ec\/?p=5981"},"modified":"2024-04-11T12:13:32","modified_gmt":"2024-04-11T17:13:32","slug":"la-situacion-diplomatica-entre-mexico-y-ecuador-lo-que-se-conoce-hasta-este-jueves-11-de-abril","status":"publish","type":"post","link":"https:\/\/lifefm.ec\/index.php\/2024\/04\/11\/la-situacion-diplomatica-entre-mexico-y-ecuador-lo-que-se-conoce-hasta-este-jueves-11-de-abril\/","title":{"rendered":"LA SITUACI\u00d3N DIPLOM\u00c1TICA ENTRE M\u00c9XICO Y ECUADOR: LO QUE SE CONOCE HASTA ESTE JUEVES 11 DE ABRIL"},"content":{"rendered":"<blockquote><p>Ecuador argumenta que no es l\u00edcito otorgar asilo diplom\u00e1tico a personas condenadas por delitos comunes. Esto surge como respuesta a la resoluci\u00f3n de la Organizaci\u00f3n de Estados Americanos, que inst\u00f3 a Ecuador y a otros pa\u00edses a no interferir en los asuntos internos del Estado receptor. En este contexto, M\u00e9xico contin\u00faa impulsando sanciones contra Ecuador.<\/p><\/blockquote>\n<p>El conflicto se intensific\u00f3 cuando Ecuador declar\u00f3 &#8216;persona non grata&#8217; a la embajadora de M\u00e9xico, luego de declaraciones del presidente Andr\u00e9s Manuel L\u00f3pez Obrador durante una conferencia de prensa sobre el asesinato de Fernando Villavicencio y su impacto en la candidatura presidencial de Luisa Gonz\u00e1lez del movimiento Revoluci\u00f3n Ciudadana.<\/p>\n<p>En respuesta a la incursi\u00f3n de uniformados ecuatorianos en la embajada de M\u00e9xico para aprehender al exvicepresidente Jorge Glas, M\u00e9xico rompi\u00f3 relaciones diplom\u00e1ticas con Ecuador. La canciller Alicia B\u00e1rcena est\u00e1 preparando una demanda para presentar ante la Corte Internacional de Justicia.<\/p>\n<p>El martes 9 de abril, el presidente L\u00f3pez Obrador mostr\u00f3 im\u00e1genes desde la embajada en Quito donde se ve la salida de Jorge Glas en manos de uniformados ecuatorianos.<\/p>\n<p>Hasta este jueves 11 de abril, el gobierno mexicano ha presentado la demanda ante la Corte Internacional de Justicia, solicitando la suspensi\u00f3n de Ecuador como miembro de la ONU hasta que emita una disculpa p\u00fablica por las violaciones al derecho internacional. Adem\u00e1s, M\u00e9xico busca que se declare a Ecuador responsable del da\u00f1o causado y que otros pa\u00edses se sumen a la denuncia de manera voluntaria.<\/p>\n<p>&nbsp;<\/p>\n<p>F: El Universo<\/p>\n<p>#Life #LifeNoticias #RadioLife995FM #InformativoLife #Babahoyo #ThiIsLife #SintonizaLaVida<\/p>\n","protected":false},"excerpt":{"rendered":"<p>Ecuador argumenta que no es l\u00edcito otorgar asilo diplom\u00e1tico a personas condenadas por delitos comunes. Esto surge como respuesta a la resoluci\u00f3n de la Organizaci\u00f3n de Estados Americanos, que inst\u00f3 a Ecuador y a otros pa\u00edses a no interferir en los asuntos internos del Estado receptor. En este contexto, M\u00e9xico contin\u00faa impulsando sanciones contra Ecuador. [&hellip;]<\/p>\n","protected":false},"author":1,"featured_media":5982,"comment_status":"open","ping_status":"closed","sticky":false,"template":"","format":"standard","meta":{"footnotes":""},"categories":[23],"tags":[],"class_list":["post-5981","post","type-post","status-publish","format-standard","has-post-thumbnail","hentry","category-el-mundo"],"_links":{"self":[{"href":"https:\/\/lifefm.ec\/index.php\/wp-json\/wp\/v2\/posts\/5981","targetHints":{"allow":["GET"]}}],"collection":[{"href":"https:\/\/lifefm.ec\/index.php\/wp-json\/wp\/v2\/posts"}],"about":[{"href":"https:\/\/lifefm.ec\/index.php\/wp-json\/wp\/v2\/types\/post"}],"author":[{"embeddable":true,"href":"https:\/\/lifefm.ec\/index.php\/wp-json\/wp\/v2\/users\/1"}],"replies":[{"embeddable":true,"href":"https:\/\/lifefm.ec\/index.php\/wp-json\/wp\/v2\/comments?post=5981"}],"version-history":[{"count":1,"href":"https:\/\/lifefm.ec\/index.php\/wp-json\/wp\/v2\/posts\/5981\/revisions"}],"predecessor-version":[{"id":5984,"href":"https:\/\/lifefm.ec\/index.php\/wp-json\/wp\/v2\/posts\/5981\/revisions\/5984"}],"wp:featuredmedia":[{"embeddable":true,"href":"https:\/\/lifefm.ec\/index.php\/wp-json\/wp\/v2\/media\/5982"}],"wp:attachment":[{"href":"https:\/\/lifefm.ec\/index.php\/wp-json\/wp\/v2\/media?parent=5981"}],"wp:term":[{"taxonomy":"category","embeddable":true,"href":"https:\/\/lifefm.ec\/index.php\/wp-json\/wp\/v2\/categories?post=5981"},{"taxonomy":"post_tag","embeddable":true,"href":"https:\/\/lifefm.ec\/index.php\/wp-json\/wp\/v2\/tags?post=5981"}],"curies":[{"name":"wp","href":"https:\/\/api.w.org\/{rel}","templated":true}]}}