{"id":5948,"date":"2024-04-11T10:20:49","date_gmt":"2024-04-11T15:20:49","guid":{"rendered":"https:\/\/lifefm.ec\/?p=5948"},"modified":"2024-04-11T10:20:49","modified_gmt":"2024-04-11T15:20:49","slug":"mexico-solicita-la-suspension-de-ecuador-en-la-onu","status":"publish","type":"post","link":"https:\/\/lifefm.ec\/index.php\/2024\/04\/11\/mexico-solicita-la-suspension-de-ecuador-en-la-onu\/","title":{"rendered":"M\u00c9XICO SOLICITA LA SUSPENSI\u00d3N DE ECUADOR EN LA ONU"},"content":{"rendered":"<blockquote><p>El Gobierno mexicano ha solicitado la suspensi\u00f3n de Ecuador de la ONU como consecuencia del asalto a su Embajada en Quito, en una denuncia presentada ante la Corte Internacional de Justicia (CIJ) este jueves.<\/p><\/blockquote>\n<p>Durante la conferencia matutina en Palacio Nacional, la canciller Alicia B\u00e1rcena y Alejandro Celorio Alc\u00e1ntara, consultor jur\u00eddico de Relaciones Exteriores (SRE), detallaron los fundamentos de la demanda presentada ante el organismo internacional. M\u00e9xico exige la suspensi\u00f3n de Ecuador como miembro de la ONU hasta que emita una disculpa p\u00fablica y reconozca las violaciones a los principios y normas del derecho internacional, afirm\u00f3 la canciller B\u00e1rcena.<\/p>\n<p>\u201cHoy, con orgullo, hemos presentado una demanda ante la Corte Internacional de Justicia. La solicitud marca el inicio de los procedimientos&#8230; No hay duda de que Ecuador viol\u00f3 la Convenci\u00f3n de Viena sobre relaciones diplom\u00e1ticas al atentar contra la inmunidad de la embajada\u201d, se\u00f1al\u00f3 Alejandro Celorio, consultor jur\u00eddico de la canciller\u00eda mexicana.<\/p>\n<p>El presidente Andr\u00e9s Manuel L\u00f3pez Obrador dej\u00f3 claro que el objetivo de esta acci\u00f3n ante la CIJ es prevenir la repetici\u00f3n de hechos deleznable como el sufrido por M\u00e9xico y su representaci\u00f3n diplom\u00e1tica.<\/p>\n<p>&nbsp;<\/p>\n<p>F: El Universo<\/p>\n<p>#Life #LifeNoticias #RadioLife995FM #InformativoLife #Babahoyo #ThiIsLife #SintonizaLaVida<\/p>\n","protected":false},"excerpt":{"rendered":"<p>El Gobierno mexicano ha solicitado la suspensi\u00f3n de Ecuador de la ONU como consecuencia del asalto a su Embajada en Quito, en una denuncia presentada ante la Corte Internacional de Justicia (CIJ) este jueves. Durante la conferencia matutina en Palacio Nacional, la canciller Alicia B\u00e1rcena y Alejandro Celorio Alc\u00e1ntara, consultor jur\u00eddico de Relaciones Exteriores (SRE), [&hellip;]<\/p>\n","protected":false},"author":1,"featured_media":5949,"comment_status":"open","ping_status":"closed","sticky":false,"template":"","format":"standard","meta":{"footnotes":""},"categories":[23],"tags":[],"class_list":["post-5948","post","type-post","status-publish","format-standard","has-post-thumbnail","hentry","category-el-mundo"],"_links":{"self":[{"href":"https:\/\/lifefm.ec\/index.php\/wp-json\/wp\/v2\/posts\/5948","targetHints":{"allow":["GET"]}}],"collection":[{"href":"https:\/\/lifefm.ec\/index.php\/wp-json\/wp\/v2\/posts"}],"about":[{"href":"https:\/\/lifefm.ec\/index.php\/wp-json\/wp\/v2\/types\/post"}],"author":[{"embeddable":true,"href":"https:\/\/lifefm.ec\/index.php\/wp-json\/wp\/v2\/users\/1"}],"replies":[{"embeddable":true,"href":"https:\/\/lifefm.ec\/index.php\/wp-json\/wp\/v2\/comments?post=5948"}],"version-history":[{"count":1,"href":"https:\/\/lifefm.ec\/index.php\/wp-json\/wp\/v2\/posts\/5948\/revisions"}],"predecessor-version":[{"id":5950,"href":"https:\/\/lifefm.ec\/index.php\/wp-json\/wp\/v2\/posts\/5948\/revisions\/5950"}],"wp:featuredmedia":[{"embeddable":true,"href":"https:\/\/lifefm.ec\/index.php\/wp-json\/wp\/v2\/media\/5949"}],"wp:attachment":[{"href":"https:\/\/lifefm.ec\/index.php\/wp-json\/wp\/v2\/media?parent=5948"}],"wp:term":[{"taxonomy":"category","embeddable":true,"href":"https:\/\/lifefm.ec\/index.php\/wp-json\/wp\/v2\/categories?post=5948"},{"taxonomy":"post_tag","embeddable":true,"href":"https:\/\/lifefm.ec\/index.php\/wp-json\/wp\/v2\/tags?post=5948"}],"curies":[{"name":"wp","href":"https:\/\/api.w.org\/{rel}","templated":true}]}}