{"id":5883,"date":"2024-04-10T10:58:35","date_gmt":"2024-04-10T15:58:35","guid":{"rendered":"https:\/\/lifefm.ec\/?p=5883"},"modified":"2024-04-10T10:58:35","modified_gmt":"2024-04-10T15:58:35","slug":"mas-de-950-000-ecuatorianos-inscritos-en-el-registro-electoral-pasivo-deben-decidir-si-participaran-en-las-elecciones-del-2025","status":"publish","type":"post","link":"https:\/\/lifefm.ec\/index.php\/2024\/04\/10\/mas-de-950-000-ecuatorianos-inscritos-en-el-registro-electoral-pasivo-deben-decidir-si-participaran-en-las-elecciones-del-2025\/","title":{"rendered":"M\u00c1S DE 950.000 ECUATORIANOS INSCRITOS EN EL REGISTRO ELECTORAL PASIVO DEBEN DECIDIR SI PARTICIPAR\u00c1N EN LAS ELECCIONES DEL 2025"},"content":{"rendered":"<blockquote><p>Un total de 950,427 ecuatorianos inscritos en el padr\u00f3n electoral, pero que no han ejercido su derecho al voto en los \u00faltimos cuatro comicios, deben decidir si participar\u00e1n en las elecciones generales programadas para 2025.<\/p><\/blockquote>\n<p>El anuncio fue hecho por el Consejo Nacional Electoral (CNE) este martes, tras una reuni\u00f3n de su pleno que determin\u00f3 la lista del Registro Electoral Pasivo para las elecciones de 2025. Esta lista ser\u00e1 actualizada 90 d\u00edas antes de la convocatoria de dichos comicios.<\/p>\n<p>El Registro Electoral Pasivo comprende a aquellos ciudadanos que no han votado en las \u00faltimas cuatro elecciones ni han realizado tr\u00e1mites ante el CNE, excluyendo a los que tienen voto facultativo (opcional).<\/p>\n<p>El voto es obligatorio para ecuatorianos entre 18 y 65 a\u00f1os, mientras que es facultativo para menores de 16 a 18 a\u00f1os, mayores de 65, personas con discapacidad, extranjeros residentes, y miembros de la Polic\u00eda y las Fuerzas Armadas.<\/p>\n<p>Los ecuatorianos podr\u00e1n verificar su estado en el Registro Electoral Pasivo a partir del viernes 12 de abril mediante el portal web del CNE y la aplicaci\u00f3n m\u00f3vil del organismo.<\/p>\n<p>Aquellos que deseen votar en las elecciones de 2025 y est\u00e9n en esta lista tendr\u00e1n hasta el 11 de mayo para habilitarse en l\u00ednea o presencialmente en las 24 delegaciones provinciales del CNE.<\/p>\n<p>Las elecciones generales de 2025 determinar\u00e1n al presidente y vicepresidente de la Rep\u00fablica, as\u00ed como a los miembros de la Asamblea Nacional. Estas elecciones se llevar\u00e1n a cabo el domingo 9 de febrero de 2025, con una posible segunda vuelta presidencial el 13 de abril si ning\u00fan candidato obtiene al menos el 50% de los votos o el 40% con una ventaja de diez puntos porcentuales sobre el segundo candidato.<\/p>\n<p>&nbsp;<\/p>\n<p>&nbsp;<\/p>\n<p>F: El Universo<\/p>\n<p>#Life #LifeNoticias #RadioLife995FM #InformativoLife #Babahoyo #ThiIsLife #SintonizaLaVida<\/p>\n","protected":false},"excerpt":{"rendered":"<p>Un total de 950,427 ecuatorianos inscritos en el padr\u00f3n electoral, pero que no han ejercido su derecho al voto en los \u00faltimos cuatro comicios, deben decidir si participar\u00e1n en las elecciones generales programadas para 2025. El anuncio fue hecho por el Consejo Nacional Electoral (CNE) este martes, tras una reuni\u00f3n de su pleno que determin\u00f3 [&hellip;]<\/p>\n","protected":false},"author":1,"featured_media":5886,"comment_status":"open","ping_status":"closed","sticky":false,"template":"","format":"standard","meta":{"footnotes":""},"categories":[23],"tags":[],"class_list":["post-5883","post","type-post","status-publish","format-standard","has-post-thumbnail","hentry","category-el-mundo"],"_links":{"self":[{"href":"https:\/\/lifefm.ec\/index.php\/wp-json\/wp\/v2\/posts\/5883","targetHints":{"allow":["GET"]}}],"collection":[{"href":"https:\/\/lifefm.ec\/index.php\/wp-json\/wp\/v2\/posts"}],"about":[{"href":"https:\/\/lifefm.ec\/index.php\/wp-json\/wp\/v2\/types\/post"}],"author":[{"embeddable":true,"href":"https:\/\/lifefm.ec\/index.php\/wp-json\/wp\/v2\/users\/1"}],"replies":[{"embeddable":true,"href":"https:\/\/lifefm.ec\/index.php\/wp-json\/wp\/v2\/comments?post=5883"}],"version-history":[{"count":1,"href":"https:\/\/lifefm.ec\/index.php\/wp-json\/wp\/v2\/posts\/5883\/revisions"}],"predecessor-version":[{"id":5887,"href":"https:\/\/lifefm.ec\/index.php\/wp-json\/wp\/v2\/posts\/5883\/revisions\/5887"}],"wp:featuredmedia":[{"embeddable":true,"href":"https:\/\/lifefm.ec\/index.php\/wp-json\/wp\/v2\/media\/5886"}],"wp:attachment":[{"href":"https:\/\/lifefm.ec\/index.php\/wp-json\/wp\/v2\/media?parent=5883"}],"wp:term":[{"taxonomy":"category","embeddable":true,"href":"https:\/\/lifefm.ec\/index.php\/wp-json\/wp\/v2\/categories?post=5883"},{"taxonomy":"post_tag","embeddable":true,"href":"https:\/\/lifefm.ec\/index.php\/wp-json\/wp\/v2\/tags?post=5883"}],"curies":[{"name":"wp","href":"https:\/\/api.w.org\/{rel}","templated":true}]}}