{"id":5877,"date":"2024-04-10T10:49:33","date_gmt":"2024-04-10T15:49:33","guid":{"rendered":"https:\/\/lifefm.ec\/?p=5877"},"modified":"2024-04-10T10:49:33","modified_gmt":"2024-04-10T15:49:33","slug":"el-jueves-mexico-interpondra-la-denuncia-contra-ecuador-ante-la-corte-internacional-de-justicia","status":"publish","type":"post","link":"https:\/\/lifefm.ec\/index.php\/2024\/04\/10\/el-jueves-mexico-interpondra-la-denuncia-contra-ecuador-ante-la-corte-internacional-de-justicia\/","title":{"rendered":"EL JUEVES, M\u00c9XICO INTERPONDR\u00c1 LA DENUNCIA CONTRA ECUADOR ANTE LA CORTE INTERNACIONAL DE JUSTICIA"},"content":{"rendered":"<blockquote><p>El mi\u00e9rcoles, el presidente mexicano, Andr\u00e9s Manuel L\u00f3pez Obrador, anunci\u00f3 que su Gobierno presentar\u00e1 una denuncia contra Ecuador ante la Corte Internacional de Justicia (CIJ) como respuesta al allanamiento de la Embajada de M\u00e9xico en Quito.<\/p><\/blockquote>\n<p>L\u00f3pez Obrador explic\u00f3 durante su conferencia matutina que la presentaci\u00f3n de la denuncia se pospuso para el jueves con el fin de ajustar algunos detalles, sin revelar el contenido espec\u00edfico de la demanda.<\/p>\n<p>El mandatario tambi\u00e9n inform\u00f3 que ha estado en comunicaci\u00f3n con otros l\u00edderes latinoamericanos desde el allanamiento de la embajada, destacando una conversaci\u00f3n reciente con el expresidente brasile\u00f1o Luiz In\u00e1cio Lula da Silva, quien expres\u00f3 su solidaridad con M\u00e9xico y mencion\u00f3 una posible visita despu\u00e9s de las elecciones presidenciales mexicanas en junio.<\/p>\n<p>La canciller mexicana, Alicia B\u00e1rcena, inst\u00f3 a la Comunidad de Estados Latinoamericanos y Caribe\u00f1os (CELAC) a unirse a la demanda de M\u00e9xico contra Ecuador, despu\u00e9s de revelar nuevos videos del interior de la embajada durante una reuni\u00f3n extraordinaria el martes. L\u00f3pez Obrador agradeci\u00f3 el apoyo de Lula da Silva y critic\u00f3 el allanamiento de la embajada como un acto violatorio de la soberan\u00eda y el derecho internacional.<\/p>\n<p>La disputa entre M\u00e9xico y Ecuador surgi\u00f3 cuando el Gobierno ecuatoriano declar\u00f3 persona non grata a la embajadora mexicana debido a comentarios de L\u00f3pez Obrador sobre el asesinato del candidato presidencial Fernando Villavicencio y su impacto en las elecciones de 2023.<\/p>\n<p>L\u00f3pez Obrador acus\u00f3 a Ecuador de contar con el respaldo de otros gobiernos o potencias para el allanamiento, y solicit\u00f3 una respuesta contundente de la CIJ, mientras se\u00f1alaba a Estados Unidos y Canad\u00e1 por expresar una postura ambigua.<\/p>\n<p>&nbsp;<\/p>\n<p>F: El Universo<\/p>\n<p>#Life #LifeNoticias #RadioLife995FM #InformativoLife #Babahoyo #ThiIsLife #SintonizaLaVida<\/p>\n","protected":false},"excerpt":{"rendered":"<p>El mi\u00e9rcoles, el presidente mexicano, Andr\u00e9s Manuel L\u00f3pez Obrador, anunci\u00f3 que su Gobierno presentar\u00e1 una denuncia contra Ecuador ante la Corte Internacional de Justicia (CIJ) como respuesta al allanamiento de la Embajada de M\u00e9xico en Quito. L\u00f3pez Obrador explic\u00f3 durante su conferencia matutina que la presentaci\u00f3n de la denuncia se pospuso para el jueves con [&hellip;]<\/p>\n","protected":false},"author":1,"featured_media":5878,"comment_status":"open","ping_status":"closed","sticky":false,"template":"","format":"standard","meta":{"footnotes":""},"categories":[23],"tags":[],"class_list":["post-5877","post","type-post","status-publish","format-standard","has-post-thumbnail","hentry","category-el-mundo"],"_links":{"self":[{"href":"https:\/\/lifefm.ec\/index.php\/wp-json\/wp\/v2\/posts\/5877","targetHints":{"allow":["GET"]}}],"collection":[{"href":"https:\/\/lifefm.ec\/index.php\/wp-json\/wp\/v2\/posts"}],"about":[{"href":"https:\/\/lifefm.ec\/index.php\/wp-json\/wp\/v2\/types\/post"}],"author":[{"embeddable":true,"href":"https:\/\/lifefm.ec\/index.php\/wp-json\/wp\/v2\/users\/1"}],"replies":[{"embeddable":true,"href":"https:\/\/lifefm.ec\/index.php\/wp-json\/wp\/v2\/comments?post=5877"}],"version-history":[{"count":1,"href":"https:\/\/lifefm.ec\/index.php\/wp-json\/wp\/v2\/posts\/5877\/revisions"}],"predecessor-version":[{"id":5879,"href":"https:\/\/lifefm.ec\/index.php\/wp-json\/wp\/v2\/posts\/5877\/revisions\/5879"}],"wp:featuredmedia":[{"embeddable":true,"href":"https:\/\/lifefm.ec\/index.php\/wp-json\/wp\/v2\/media\/5878"}],"wp:attachment":[{"href":"https:\/\/lifefm.ec\/index.php\/wp-json\/wp\/v2\/media?parent=5877"}],"wp:term":[{"taxonomy":"category","embeddable":true,"href":"https:\/\/lifefm.ec\/index.php\/wp-json\/wp\/v2\/categories?post=5877"},{"taxonomy":"post_tag","embeddable":true,"href":"https:\/\/lifefm.ec\/index.php\/wp-json\/wp\/v2\/tags?post=5877"}],"curies":[{"name":"wp","href":"https:\/\/api.w.org\/{rel}","templated":true}]}}