{"id":5868,"date":"2024-04-10T10:26:48","date_gmt":"2024-04-10T15:26:48","guid":{"rendered":"https:\/\/lifefm.ec\/?p=5868"},"modified":"2024-04-10T10:26:48","modified_gmt":"2024-04-10T15:26:48","slug":"francia-implementara-un-plan-de-suicidio-asistido-para-pacientes-con-enfermedades-incurables-bajo-el-nombre-de-ayuda-a-morir","status":"publish","type":"post","link":"https:\/\/lifefm.ec\/index.php\/2024\/04\/10\/francia-implementara-un-plan-de-suicidio-asistido-para-pacientes-con-enfermedades-incurables-bajo-el-nombre-de-ayuda-a-morir\/","title":{"rendered":"FRANCIA IMPLEMENTAR\u00c1 UN PLAN DE SUICIDIO ASISTIDO PARA PACIENTES CON ENFERMEDADES INCURABLES BAJO EL NOMBRE DE &#8216;AYUDA A MORIR&#8217;"},"content":{"rendered":"<blockquote><p>El suicidio asistido pronto ser\u00e1 una opci\u00f3n legal en Francia bajo el plan &#8216;ayuda a morir&#8217;, una promesa hecha por el presidente Emmanuel Macron durante su campa\u00f1a electoral.<\/p><\/blockquote>\n<p>Este plan tiene como objetivo permitir que ciertos pacientes elijan terminar sus vidas y, cuando no puedan hacerlo por s\u00ed mismos, recibir asistencia para hacerlo.<\/p>\n<p>El proyecto contempla la posibilidad de administrar una sustancia letal a adultos que lo soliciten, especialmente aquellos que enfrentan enfermedades \u00abincurables\u00bb con dolor cr\u00f3nico. Sin embargo, esta medida excluye a los menores de edad y a aquellos con enfermedades mentales o neurodegenerativas que afecten su capacidad de discernimiento, como el Alzheimer.<\/p>\n<p>La ministra de Sanidad, Catherine Vautrin, ha afirmado que esta medida no se trata de un nuevo derecho o libertad, sino m\u00e1s bien de una respuesta \u00e9tica a la necesidad de apoyar a los enfermos en sus decisiones.<\/p>\n<p>El proceso requerir\u00e1 que un m\u00e9dico se pronuncie en un plazo de 15 d\u00edas despu\u00e9s de la solicitud del paciente, consultando previamente con otro m\u00e9dico y un enfermero. Sin embargo, este proyecto enfrenta oposici\u00f3n de l\u00edderes religiosos, especialmente de la comunidad cat\u00f3lica y musulmana, as\u00ed como de asociaciones de cuidados paliativos, que expresan su preocupaci\u00f3n.<\/p>\n<p>El gobierno tambi\u00e9n tiene planes de fortalecer el sistema de cuidados paliativos con m\u00e1s financiamiento y una estrategia a largo plazo. A pesar de que los partidarios de la eutanasia y el suicidio asistido han celebrado la presentaci\u00f3n de esta ley, critican las restricciones de acceso que consideran muy estrictas.<\/p>\n<p>Aunque el Parlamento franc\u00e9s comenzar\u00e1 a examinar el proyecto de ley en mayo, se estima que su proceso de adopci\u00f3n podr\u00eda llevar hasta dos a\u00f1os.<\/p>\n<p>&nbsp;<\/p>\n<p>&nbsp;<\/p>\n<p>F: El Universo<\/p>\n<p>#Life #LifeNoticias #RadioLife995FM #InformativoLife #Babahoyo #ThiIsLife #SintonizaLaVida<\/p>\n","protected":false},"excerpt":{"rendered":"<p>El suicidio asistido pronto ser\u00e1 una opci\u00f3n legal en Francia bajo el plan &#8216;ayuda a morir&#8217;, una promesa hecha por el presidente Emmanuel Macron durante su campa\u00f1a electoral. Este plan tiene como objetivo permitir que ciertos pacientes elijan terminar sus vidas y, cuando no puedan hacerlo por s\u00ed mismos, recibir asistencia para hacerlo. El proyecto [&hellip;]<\/p>\n","protected":false},"author":1,"featured_media":5869,"comment_status":"open","ping_status":"closed","sticky":false,"template":"","format":"standard","meta":{"footnotes":""},"categories":[23],"tags":[],"class_list":["post-5868","post","type-post","status-publish","format-standard","has-post-thumbnail","hentry","category-el-mundo"],"_links":{"self":[{"href":"https:\/\/lifefm.ec\/index.php\/wp-json\/wp\/v2\/posts\/5868","targetHints":{"allow":["GET"]}}],"collection":[{"href":"https:\/\/lifefm.ec\/index.php\/wp-json\/wp\/v2\/posts"}],"about":[{"href":"https:\/\/lifefm.ec\/index.php\/wp-json\/wp\/v2\/types\/post"}],"author":[{"embeddable":true,"href":"https:\/\/lifefm.ec\/index.php\/wp-json\/wp\/v2\/users\/1"}],"replies":[{"embeddable":true,"href":"https:\/\/lifefm.ec\/index.php\/wp-json\/wp\/v2\/comments?post=5868"}],"version-history":[{"count":1,"href":"https:\/\/lifefm.ec\/index.php\/wp-json\/wp\/v2\/posts\/5868\/revisions"}],"predecessor-version":[{"id":5870,"href":"https:\/\/lifefm.ec\/index.php\/wp-json\/wp\/v2\/posts\/5868\/revisions\/5870"}],"wp:featuredmedia":[{"embeddable":true,"href":"https:\/\/lifefm.ec\/index.php\/wp-json\/wp\/v2\/media\/5869"}],"wp:attachment":[{"href":"https:\/\/lifefm.ec\/index.php\/wp-json\/wp\/v2\/media?parent=5868"}],"wp:term":[{"taxonomy":"category","embeddable":true,"href":"https:\/\/lifefm.ec\/index.php\/wp-json\/wp\/v2\/categories?post=5868"},{"taxonomy":"post_tag","embeddable":true,"href":"https:\/\/lifefm.ec\/index.php\/wp-json\/wp\/v2\/tags?post=5868"}],"curies":[{"name":"wp","href":"https:\/\/api.w.org\/{rel}","templated":true}]}}