{"id":5862,"date":"2024-04-10T10:06:45","date_gmt":"2024-04-10T15:06:45","guid":{"rendered":"https:\/\/lifefm.ec\/?p=5862"},"modified":"2024-04-10T10:06:45","modified_gmt":"2024-04-10T15:06:45","slug":"todo-el-juicio-a-carlos-polit-en-miami-este-miercoles-10-de-abril-del-2024","status":"publish","type":"post","link":"https:\/\/lifefm.ec\/index.php\/2024\/04\/10\/todo-el-juicio-a-carlos-polit-en-miami-este-miercoles-10-de-abril-del-2024\/","title":{"rendered":"TODO EL JUICIO A CARLOS P\u00d3LIT EN MIAMI ESTE MI\u00c9RCOLES 10 DE ABRIL DEL 2024"},"content":{"rendered":"<blockquote><p>Los testimonios en el juicio contra el ex contralor general del Estado ecuatoriano, Carlos P\u00f3lit Faggioni, comenzaron el martes en Estados Unidos, con la participaci\u00f3n de los brasile\u00f1os Jos\u00e9 Concei\u00e7ao Santos y Geraldo de Souza, ambos ex altos ejecutivos de Odebrecht y sujetos a acuerdos de no procesamiento con el Gobierno estadounidense.<\/p><\/blockquote>\n<p>Concei\u00e7ao declar\u00f3 haber entregado sobornos a P\u00f3lit para eliminar multas impuestas a Odebrecht. Durante su testimonio, identific\u00f3 al ex contralor en la sala, detallando los mecanismos utilizados para entregar $6 millones en efectivo como presunto soborno para eliminar una multa relacionada con la construcci\u00f3n de la hidroel\u00e9ctrica San Francisco.<\/p>\n<p>El Departamento de Justicia estadounidense acusa a P\u00f3lit de seis cargos penales, con penas m\u00e1ximas acumulativas de hasta 100 a\u00f1os de c\u00e1rcel, relacionados con presuntos esquemas de sobornos vinculados a Odebrecht y a la estatal Seguros Sucre, por un total de $11,5 millones.<\/p>\n<p>En cuanto a los acontecimientos del mi\u00e9rcoles 10 de abril, la defensa de P\u00f3lit estuvo presente en la Corte del Distrito Sur de Florida desde las 07:16 (hora de Ecuador), seguida por la llegada de los fiscales a las 07:30. Se espera que Jos\u00e9 Concei\u00e7ao Santos contin\u00fae su testimonio, mientras que P\u00f3lit ya se encontraba en la sala alrededor de las 08:00. Posteriormente, la fiscal Jill Simon concluy\u00f3 su interrogatorio, dando paso a la defensa representada por el abogado Howard Srebnick.<\/p>\n<p>&nbsp;<\/p>\n<p>F: El Universo<\/p>\n<p>#Life #LifeNoticias #RadioLife995FM #InformativoLife #Babahoyo #ThiIsLife #SintonizaLaVida<\/p>\n","protected":false},"excerpt":{"rendered":"<p>Los testimonios en el juicio contra el ex contralor general del Estado ecuatoriano, Carlos P\u00f3lit Faggioni, comenzaron el martes en Estados Unidos, con la participaci\u00f3n de los brasile\u00f1os Jos\u00e9 Concei\u00e7ao Santos y Geraldo de Souza, ambos ex altos ejecutivos de Odebrecht y sujetos a acuerdos de no procesamiento con el Gobierno estadounidense. Concei\u00e7ao declar\u00f3 haber [&hellip;]<\/p>\n","protected":false},"author":1,"featured_media":5863,"comment_status":"open","ping_status":"closed","sticky":false,"template":"","format":"standard","meta":{"footnotes":""},"categories":[23],"tags":[],"class_list":["post-5862","post","type-post","status-publish","format-standard","has-post-thumbnail","hentry","category-el-mundo"],"_links":{"self":[{"href":"https:\/\/lifefm.ec\/index.php\/wp-json\/wp\/v2\/posts\/5862","targetHints":{"allow":["GET"]}}],"collection":[{"href":"https:\/\/lifefm.ec\/index.php\/wp-json\/wp\/v2\/posts"}],"about":[{"href":"https:\/\/lifefm.ec\/index.php\/wp-json\/wp\/v2\/types\/post"}],"author":[{"embeddable":true,"href":"https:\/\/lifefm.ec\/index.php\/wp-json\/wp\/v2\/users\/1"}],"replies":[{"embeddable":true,"href":"https:\/\/lifefm.ec\/index.php\/wp-json\/wp\/v2\/comments?post=5862"}],"version-history":[{"count":1,"href":"https:\/\/lifefm.ec\/index.php\/wp-json\/wp\/v2\/posts\/5862\/revisions"}],"predecessor-version":[{"id":5865,"href":"https:\/\/lifefm.ec\/index.php\/wp-json\/wp\/v2\/posts\/5862\/revisions\/5865"}],"wp:featuredmedia":[{"embeddable":true,"href":"https:\/\/lifefm.ec\/index.php\/wp-json\/wp\/v2\/media\/5863"}],"wp:attachment":[{"href":"https:\/\/lifefm.ec\/index.php\/wp-json\/wp\/v2\/media?parent=5862"}],"wp:term":[{"taxonomy":"category","embeddable":true,"href":"https:\/\/lifefm.ec\/index.php\/wp-json\/wp\/v2\/categories?post=5862"},{"taxonomy":"post_tag","embeddable":true,"href":"https:\/\/lifefm.ec\/index.php\/wp-json\/wp\/v2\/tags?post=5862"}],"curies":[{"name":"wp","href":"https:\/\/api.w.org\/{rel}","templated":true}]}}