{"id":5847,"date":"2024-04-09T13:00:33","date_gmt":"2024-04-09T18:00:33","guid":{"rendered":"https:\/\/lifefm.ec\/?p=5847"},"modified":"2024-04-09T13:00:33","modified_gmt":"2024-04-09T18:00:33","slug":"mexico-establecio-requisito-de-visa-para-peruanos-con-el-fin-de-normalizar-la-migracion","status":"publish","type":"post","link":"https:\/\/lifefm.ec\/index.php\/2024\/04\/09\/mexico-establecio-requisito-de-visa-para-peruanos-con-el-fin-de-normalizar-la-migracion\/","title":{"rendered":"M\u00c9XICO ESTABLECI\u00d3 REQUISITO DE VISA PARA PERUANOS CON EL FIN DE NORMALIZAR LA MIGRACI\u00d3N"},"content":{"rendered":"<blockquote><p>La Embajada de M\u00e9xico en Per\u00fa declar\u00f3 el lunes que la reciente imposici\u00f3n de visas para los ciudadanos peruanos que deseen entrar a M\u00e9xico es una medida temporal. Esta decisi\u00f3n se tom\u00f3 en respuesta al aumento de la migraci\u00f3n irregular hacia pa\u00edses de Norteam\u00e9rica.<\/p><\/blockquote>\n<p>Adolfo Cepeda, jefe de Asuntos Pol\u00edticos de la Embajada de M\u00e9xico en Per\u00fa, explic\u00f3 a los periodistas que la medida ser\u00e1 revisada peri\u00f3dicamente por el Gobierno mexicano. La intenci\u00f3n es regularizar el flujo migratorio y cooperar con las autoridades peruanas para reducir la migraci\u00f3n irregular.<\/p>\n<p>La imposici\u00f3n de visas responde a la necesidad de fomentar una migraci\u00f3n m\u00e1s ordenada y segura, ante el creciente n\u00famero de ciudadanos peruanos que transitaban por M\u00e9xico en ruta hacia otros destinos en Am\u00e9rica del Norte.<\/p>\n<p>El representante mexicano enfatiz\u00f3 que la medida busca proteger los derechos humanos de los migrantes y evitar su explotaci\u00f3n por parte de grupos criminales dedicados al tr\u00e1fico de personas.<\/p>\n<p>Seg\u00fan Cepeda, la visa se requerir\u00e1 para viajes tur\u00edsticos o de negocios, con excepciones para quienes ya posean visa vigente o residencia permanente en Estados Unidos, Reino Unido, Irlanda del Norte, Jap\u00f3n o pa\u00edses del espacio Schengen.<\/p>\n<p>En respuesta, el Gobierno peruano anunci\u00f3 la imposici\u00f3n de visas para los ciudadanos mexicanos, bas\u00e1ndose en el principio de reciprocidad.<\/p>\n<p>El canciller peruano, Javier Gonz\u00e1lez-Olaechea, plante\u00f3 la posibilidad de que la medida tenga implicaciones diplom\u00e1ticas debido a tensiones entre ambos pa\u00edses, incluyendo el reciente desacuerdo entre los presidentes de M\u00e9xico y Per\u00fa.<\/p>\n<p>Este desacuerdo ha llevado a mantener relaciones diplom\u00e1ticas a nivel de encargados de negocios, tras disputas sobre la presidencia pro tempore de la Alianza del Pac\u00edfico y otros desencuentros.<\/p>\n<p>Cabe mencionar que M\u00e9xico elimin\u00f3 el requisito de visa para los peruanos en 2012 para facilitar los viajes y el comercio entre ambos pa\u00edses.<\/p>\n<p>&nbsp;<\/p>\n<p>F: El Universo<\/p>\n<p>#Life #LifeNoticias #RadioLife995FM #InformativoLife #Babahoyo #ThiIsLife #SintonizaLaVida<\/p>\n","protected":false},"excerpt":{"rendered":"<p>La Embajada de M\u00e9xico en Per\u00fa declar\u00f3 el lunes que la reciente imposici\u00f3n de visas para los ciudadanos peruanos que deseen entrar a M\u00e9xico es una medida temporal. Esta decisi\u00f3n se tom\u00f3 en respuesta al aumento de la migraci\u00f3n irregular hacia pa\u00edses de Norteam\u00e9rica. Adolfo Cepeda, jefe de Asuntos Pol\u00edticos de la Embajada de M\u00e9xico [&hellip;]<\/p>\n","protected":false},"author":1,"featured_media":5848,"comment_status":"open","ping_status":"closed","sticky":false,"template":"","format":"standard","meta":{"footnotes":""},"categories":[23],"tags":[],"class_list":["post-5847","post","type-post","status-publish","format-standard","has-post-thumbnail","hentry","category-el-mundo"],"_links":{"self":[{"href":"https:\/\/lifefm.ec\/index.php\/wp-json\/wp\/v2\/posts\/5847","targetHints":{"allow":["GET"]}}],"collection":[{"href":"https:\/\/lifefm.ec\/index.php\/wp-json\/wp\/v2\/posts"}],"about":[{"href":"https:\/\/lifefm.ec\/index.php\/wp-json\/wp\/v2\/types\/post"}],"author":[{"embeddable":true,"href":"https:\/\/lifefm.ec\/index.php\/wp-json\/wp\/v2\/users\/1"}],"replies":[{"embeddable":true,"href":"https:\/\/lifefm.ec\/index.php\/wp-json\/wp\/v2\/comments?post=5847"}],"version-history":[{"count":1,"href":"https:\/\/lifefm.ec\/index.php\/wp-json\/wp\/v2\/posts\/5847\/revisions"}],"predecessor-version":[{"id":5849,"href":"https:\/\/lifefm.ec\/index.php\/wp-json\/wp\/v2\/posts\/5847\/revisions\/5849"}],"wp:featuredmedia":[{"embeddable":true,"href":"https:\/\/lifefm.ec\/index.php\/wp-json\/wp\/v2\/media\/5848"}],"wp:attachment":[{"href":"https:\/\/lifefm.ec\/index.php\/wp-json\/wp\/v2\/media?parent=5847"}],"wp:term":[{"taxonomy":"category","embeddable":true,"href":"https:\/\/lifefm.ec\/index.php\/wp-json\/wp\/v2\/categories?post=5847"},{"taxonomy":"post_tag","embeddable":true,"href":"https:\/\/lifefm.ec\/index.php\/wp-json\/wp\/v2\/tags?post=5847"}],"curies":[{"name":"wp","href":"https:\/\/api.w.org\/{rel}","templated":true}]}}